{"id":135821,"date":"2018-02-26T00:34:12","date_gmt":"2018-02-26T03:34:12","guid":{"rendered":"https:\/\/www.redenoticia.com.br\/noticia\/?p=135821"},"modified":"2018-02-25T20:28:13","modified_gmt":"2018-02-25T23:28:13","slug":"ufscar-seleciona-tutores-para-graduacao-a-distancia","status":"publish","type":"post","link":"https:\/\/migracao.redenoticia.com.br\/noticia\/2018\/ufscar-seleciona-tutores-para-graduacao-a-distancia\/135821","title":{"rendered":"UFSCar seleciona tutores para gradua\u00e7\u00e3o a dist\u00e2ncia"},"content":{"rendered":"<p>Ag\u00eancia FAPESP\u00a0\u2013 A Secretaria Geral de Educa\u00e7\u00e3o a Dist\u00e2ncia (SEaD) da Universidade Federal de S\u00e3o Carlos (UFSCar) est\u00e1 com inscri\u00e7\u00f5es abertas, at\u00e9 25 de fevereiro de 2018, em <strong><em>processo seletivo de tutores para atua\u00e7\u00e3o em cursos de gradua\u00e7\u00e3o a dist\u00e2ncia<\/em><\/strong>. A sele\u00e7\u00e3o destina-se ao preenchimento de vagas para bolsista do Sistema UAB (Universidade Aberta do Brasil), na modalidade de tutor, bem como \u00e0 forma\u00e7\u00e3o de cadastro reserva, em diversas \u00e1reas do conhecimento, como sistemas de informa\u00e7\u00e3o, ci\u00eancia da informa\u00e7\u00e3o, biologia, engenharias, f\u00edsica, qu\u00edmica, matem\u00e1tica, m\u00fasica, educa\u00e7\u00e3o, entre outras.<\/p>\n<p>Os candidatos devem ter forma\u00e7\u00e3o de n\u00edvel superior em qualquer uma das \u00e1reas de conhecimento com vaga aberta e experi\u00eancia m\u00ednima de um ano no magist\u00e9rio do ensino b\u00e1sico ou superior.<\/p>\n<p>S\u00e3o exigidos dom\u00ednios de inform\u00e1tica suficiente para o trabalho e conhecimento de m\u00e9todos, t\u00e9cnicas, materiais did\u00e1ticos e recursos tecnol\u00f3gicos inerentes \u00e0 educa\u00e7\u00e3o na modalidade a dist\u00e2ncia, incluindo o dom\u00ednio de edi\u00e7\u00e3o do ambiente virtual de aprendizagem Moodle.<\/p>\n<p>O processo seletivo constar\u00e1 de uma fase composta por prova de t\u00edtulos e exame de curr\u00edculo Lattes. As inscri\u00e7\u00f5es s\u00e3o gratuitas e devem ser feitas pelo site do SEaD. No ato da inscri\u00e7\u00e3o, o candidato dever\u00e1 escolher um curso e poder\u00e1 indicar at\u00e9 10 \u00e1reas de disciplinas que sejam mais compat\u00edveis com seus conhecimentos e experi\u00eancias. Todas as \u00e1reas de disciplinas possuem peso igual, n\u00e3o importando a ordem das op\u00e7\u00f5es do candidato no ato da inscri\u00e7\u00e3o.<\/p>\n<p>O resultado final ser\u00e1 divulgado em 23 de mar\u00e7o de 2018, pelo\u00a0.<\/p>\n<p>Mais informa\u00e7\u00f5es:\u00a0. <\/p>\n","protected":false},"excerpt":{"rendered":"<p>Ag\u00eancia FAPESP\u00a0\u2013 A Secretaria Geral de Educa\u00e7\u00e3o a Dist\u00e2ncia (SEaD) da Universidade Federal de S\u00e3o Carlos (UFSCar) est\u00e1 com inscri\u00e7\u00f5es abertas, at\u00e9 25 de fevereiro de 2018, em processo seletivo de tutores para atua\u00e7\u00e3o em cursos de gradua\u00e7\u00e3o a dist\u00e2ncia. A sele\u00e7\u00e3o destina-se ao preenchimento de vagas para bolsista do Sistema UAB (Universidade Aberta do [&hellip;]<\/p>\n","protected":false},"author":2,"featured_media":37419,"comment_status":"open","ping_status":"closed","sticky":false,"template":"","format":"standard","meta":{"tdm_status":"","tdm_grid_status":"","footnotes":""},"categories":[22,370,353],"tags":[],"class_list":{"0":"post-135821","1":"post","2":"type-post","3":"status-publish","4":"format-standard","5":"has-post-thumbnail","7":"category-brasil","8":"category-inscricao","9":"category-oportunidades"},"_links":{"self":[{"href":"https:\/\/migracao.redenoticia.com.br\/noticia\/wp-json\/wp\/v2\/posts\/135821","targetHints":{"allow":["GET"]}}],"collection":[{"href":"https:\/\/migracao.redenoticia.com.br\/noticia\/wp-json\/wp\/v2\/posts"}],"about":[{"href":"https:\/\/migracao.redenoticia.com.br\/noticia\/wp-json\/wp\/v2\/types\/post"}],"author":[{"embeddable":true,"href":"https:\/\/migracao.redenoticia.com.br\/noticia\/wp-json\/wp\/v2\/users\/2"}],"replies":[{"embeddable":true,"href":"https:\/\/migracao.redenoticia.com.br\/noticia\/wp-json\/wp\/v2\/comments?post=135821"}],"version-history":[{"count":0,"href":"https:\/\/migracao.redenoticia.com.br\/noticia\/wp-json\/wp\/v2\/posts\/135821\/revisions"}],"wp:featuredmedia":[{"embeddable":true,"href":"https:\/\/migracao.redenoticia.com.br\/noticia\/wp-json\/wp\/v2\/media\/37419"}],"wp:attachment":[{"href":"https:\/\/migracao.redenoticia.com.br\/noticia\/wp-json\/wp\/v2\/media?parent=135821"}],"wp:term":[{"taxonomy":"category","embeddable":true,"href":"https:\/\/migracao.redenoticia.com.br\/noticia\/wp-json\/wp\/v2\/categories?post=135821"},{"taxonomy":"post_tag","embeddable":true,"href":"https:\/\/migracao.redenoticia.com.br\/noticia\/wp-json\/wp\/v2\/tags?post=135821"}],"curies":[{"name":"wp","href":"https:\/\/api.w.org\/{rel}","templated":true}]}}