{"id":135870,"date":"2018-02-26T00:35:32","date_gmt":"2018-02-26T03:35:32","guid":{"rendered":"https:\/\/www.redenoticia.com.br\/noticia\/?p=135870"},"modified":"2018-02-25T20:28:17","modified_gmt":"2018-02-25T23:28:17","slug":"pos-doutorado-em-geofisica-espacial-no-ita-com-bolsa-da-fapesp","status":"publish","type":"post","link":"https:\/\/migracao.redenoticia.com.br\/noticia\/2018\/pos-doutorado-em-geofisica-espacial-no-ita-com-bolsa-da-fapesp\/135870","title":{"rendered":"P\u00f3s-doutorado em geof\u00edsica espacial no ITA com Bolsa da FAPESP"},"content":{"rendered":"<p> Ag\u00eancia FAPESP\u00a0\u2013 O Projeto Tem\u00e1tico \u201c\u201d, conduzido no Instituto Tecnol\u00f3gico de Aeron\u00e1utica (ITA), disp\u00f5e de uma <strong><em>oportunidade de p\u00f3s-doutorado<\/em><\/strong> com Bolsa da FAPESP. O prazo de inscri\u00e7\u00e3o se encerra no dia 1\u00ba de mar\u00e7o de 2018.<\/p>\n<p>Busca-se candidato para desenvolver pesquisa na \u00e1rea de din\u00e2mica da ionosfera com enfoque no estudo de irregularidades e cintila\u00e7\u00e3o ionosf\u00e9ricas. O projeto tem o objetivo de desenvolver modelos de previs\u00e3o de cintila\u00e7\u00e3o ionosf\u00e9rica baseados em estudo da din\u00e2mica da ionosfera de baixas e m\u00e9dias latitudes.<\/p>\n<p>O estudo ser\u00e1 voltado para o aprimoramento do conhecimento da estrutura\u00e7\u00e3o ionosf\u00e9rica da regi\u00e3o brasileira, a qual se caracteriza pelo fen\u00f4meno de bolhas de plasma que interferem nas atividades de comunica\u00e7\u00f5es e navega\u00e7\u00f5es pelos sat\u00e9lites, tais como praticadas pelo sistema GNSS.<\/p>\n<p>O projeto ser\u00e1 desenvolvido na divis\u00e3o de Ci\u00eancia de Computa\u00e7\u00e3o do ITA em colabora\u00e7\u00e3o com os pesquisadores do ITA, do Instituto Nacional de Pesquisas Espaciais (Inpe) e de centros de pesquisa nos Estados Unidos.<\/p>\n<p>O candidato deve ter obtido o grau de doutor h\u00e1 no m\u00e1ximo cinco anos, com comprovada habilidade em processamento e an\u00e1lise de dados ionosf\u00e9ricos, modelagem de processos ionosf\u00e9ricos e interpreta\u00e7\u00e3o dos resultados, demonstrada na forma de publica\u00e7\u00f5es em revistas especializadas de destaque no campo da pesquisa.<\/p>\n<p>Os interessados devem contatar o coordenador do projeto, professor\u00a0, pelo e-mail\u00a0ma.abdu@inpe.br\u00a0ou\u00a0abdu.manga@gmail.com, enviando carta de apresenta\u00e7\u00e3o, curriculum vitae (incluindo a lista de publica\u00e7\u00f5es) e duas cartas de recomenda\u00e7\u00e3o.<\/p>\n<p>Mais informa\u00e7\u00f5es sobre a vaga est\u00e3o dispon\u00edveis em\u00a0.<\/p>\n<p>A vaga est\u00e1 aberta a brasileiros e estrangeiros. O selecionado receber\u00e1 Bolsa de P\u00f3s-Doutorado da FAPESP no valor de R$ 7.174,80 mensais e Reserva T\u00e9cnica. A Reserva T\u00e9cnica de Bolsa de PD equivale a 15% do valor anual da bolsa e tem o objetivo de atender a despesas imprevistas e diretamente relacionadas \u00e0 atividade de pesquisa.<\/p>\n<p>Caso o bolsista de PD resida em domic\u00edlio diferente e precise se mudar para a cidade onde se localiza a institui\u00e7\u00e3o-sede da pesquisa, poder\u00e1 ter direito a um Aux\u00edlio-Instala\u00e7\u00e3o. Mais informa\u00e7\u00f5es sobre a Bolsa de P\u00f3s-Doutorado da FAPESP est\u00e3o dispon\u00edveis em\u00a0.<\/p>\n<p>Outras vagas de bolsas, em diversas \u00e1reas do conhecimento, est\u00e3o no site FAPESP-Oportunidades, em\u00a0.<\/p>\n","protected":false},"excerpt":{"rendered":"<p>Ag\u00eancia FAPESP\u00a0\u2013 O Projeto Tem\u00e1tico \u201c\u201d, conduzido no Instituto Tecnol\u00f3gico de Aeron\u00e1utica (ITA), disp\u00f5e de uma oportunidade de p\u00f3s-doutorado com Bolsa da FAPESP. O prazo de inscri\u00e7\u00e3o se encerra no dia 1\u00ba de mar\u00e7o de 2018. Busca-se candidato para desenvolver pesquisa na \u00e1rea de din\u00e2mica da ionosfera com enfoque no estudo de irregularidades e cintila\u00e7\u00e3o [&hellip;]<\/p>\n","protected":false},"author":2,"featured_media":34767,"comment_status":"open","ping_status":"closed","sticky":false,"template":"","format":"standard","meta":{"tdm_status":"","tdm_grid_status":"","footnotes":""},"categories":[22,370,353],"tags":[],"class_list":{"0":"post-135870","1":"post","2":"type-post","3":"status-publish","4":"format-standard","5":"has-post-thumbnail","7":"category-brasil","8":"category-inscricao","9":"category-oportunidades"},"_links":{"self":[{"href":"https:\/\/migracao.redenoticia.com.br\/noticia\/wp-json\/wp\/v2\/posts\/135870","targetHints":{"allow":["GET"]}}],"collection":[{"href":"https:\/\/migracao.redenoticia.com.br\/noticia\/wp-json\/wp\/v2\/posts"}],"about":[{"href":"https:\/\/migracao.redenoticia.com.br\/noticia\/wp-json\/wp\/v2\/types\/post"}],"author":[{"embeddable":true,"href":"https:\/\/migracao.redenoticia.com.br\/noticia\/wp-json\/wp\/v2\/users\/2"}],"replies":[{"embeddable":true,"href":"https:\/\/migracao.redenoticia.com.br\/noticia\/wp-json\/wp\/v2\/comments?post=135870"}],"version-history":[{"count":0,"href":"https:\/\/migracao.redenoticia.com.br\/noticia\/wp-json\/wp\/v2\/posts\/135870\/revisions"}],"wp:featuredmedia":[{"embeddable":true,"href":"https:\/\/migracao.redenoticia.com.br\/noticia\/wp-json\/wp\/v2\/media\/34767"}],"wp:attachment":[{"href":"https:\/\/migracao.redenoticia.com.br\/noticia\/wp-json\/wp\/v2\/media?parent=135870"}],"wp:term":[{"taxonomy":"category","embeddable":true,"href":"https:\/\/migracao.redenoticia.com.br\/noticia\/wp-json\/wp\/v2\/categories?post=135870"},{"taxonomy":"post_tag","embeddable":true,"href":"https:\/\/migracao.redenoticia.com.br\/noticia\/wp-json\/wp\/v2\/tags?post=135870"}],"curies":[{"name":"wp","href":"https:\/\/api.w.org\/{rel}","templated":true}]}}