{"id":135871,"date":"2018-02-26T00:36:55","date_gmt":"2018-02-26T03:36:55","guid":{"rendered":"https:\/\/www.redenoticia.com.br\/noticia\/?p=135871"},"modified":"2018-02-25T20:28:25","modified_gmt":"2018-02-25T23:28:25","slug":"estudo-reforca-relacao-entre-falta-de-vitamina-d-e-sindrome-metabolica","status":"publish","type":"post","link":"https:\/\/migracao.redenoticia.com.br\/noticia\/2018\/estudo-reforca-relacao-entre-falta-de-vitamina-d-e-sindrome-metabolica\/135871","title":{"rendered":"Estudo refor\u00e7a rela\u00e7\u00e3o entre falta de vitamina D e s\u00edndrome metab\u00f3lica"},"content":{"rendered":"<p> Maria Fernanda Ziegler\u00a0 |\u00a0 Ag\u00eancia FAPESP\u00a0\u2013 Pesquisadores da Faculdade de Medicina de Botucatu da Universidade Estadual Paulista (FMB-Unesp) encontraram uma forte associa\u00e7\u00e3o entre <strong><em>defici\u00eancia de vitamina D e s\u00edndrome metab\u00f3lica<\/em><\/strong> \u2013 conjunto de condi\u00e7\u00f5es que aumentam o risco de doen\u00e7a card\u00edaca, de acidente vascular cerebral e de diabetes \u2013 em mulheres no per\u00edodo de p\u00f3s-menopausa.<\/p>\n<p>De acordo com a pesquisa, publicada na revista\u00a0, a s\u00edndrome metab\u00f3lica foi detectada em 57,8% das mulheres analisadas com insufici\u00eancia (n\u00edveis entre 20 e 29 nanogramas por mililitro de sangue) ou defici\u00eancia de vitamina D (menor que 20 ng\/ml). Para as que tinham vitamina D suficiente (30 ng\/ml ou mais), apenas 39,8% apresentavam s\u00edndrome metab\u00f3lica. Estima-se que a s\u00edndrome metab\u00f3lica afete 50% da popula\u00e7\u00e3o na faixa et\u00e1ria de 50 anos.<\/p>\n<p>No per\u00edodo de dois anos, 463 mulheres entre 45 e 75 anos foram acompanhadas no Ambulat\u00f3rio de Climat\u00e9rio e Menopausa da FMB. Todas as participantes da an\u00e1lise estavam h\u00e1 pelo menos 12 meses na p\u00f3s-menopausa e sem nenhum problema card\u00edaco aparente. O estudo foi apoiado pela FAPESP por meio de um\u00a0.<\/p>\n<p>\u201cParalelamente \u00e0 dosagem da vitamina D no sangue, avaliamos se aquelas mulheres apresentavam par\u00e2metros indicativos de s\u00edndrome metab\u00f3lica. Notamos que quanto menor o valor s\u00e9rico [no sangue] da vitamina D, maior foi a ocorr\u00eancia de s\u00edndrome metab\u00f3lica. Os resultados sugerem que a suplementa\u00e7\u00e3o e a consequente manuten\u00e7\u00e3o de n\u00edveis adequados de vitamina D em mulheres na p\u00f3s-menopausa podem reduzir o risco de doen\u00e7as\u201d, disse\u00a0, professora do Departamento de Ginecologia e Obstetr\u00edcia da FMB e uma das autoras do estudo.<\/p>\n<p>Entre os par\u00e2metros para avaliar se a paciente apresenta s\u00edndrome metab\u00f3lica est\u00e3o: circunfer\u00eancia da cintura acima de 88 cent\u00edmetros, hipertens\u00e3o arterial (acima de 130 por 85 mmHg), n\u00edvel elevado de a\u00e7\u00facar no sangue (glicemia de jejum maior que 100 mg\/dL) e n\u00edveis anormais de triglicer\u00eddeos (acima de 150 mg\/dL) e HDL-colesterol (abaixo de 50 mg\/dL). Mulheres que apresentam pelo menos tr\u00eas desses cinco par\u00e2metros s\u00e3o diagnosticadas com s\u00edndrome metab\u00f3lica.<\/p>\n<p>Os pesquisadores ressaltam, no entanto, que ainda s\u00e3o necess\u00e1rios mais estudos para confirmar a rela\u00e7\u00e3o. \u201cO objetivo do estudo foi avaliar a associa\u00e7\u00e3o entre a defici\u00eancia de vitamina D e os fatores de risco da s\u00edndrome metab\u00f3lica em mulheres na p\u00f3s-menopausa\u201d, escreveram os autores no artigo.<\/p>\n<p>Estudos anteriores haviam descrito a exist\u00eancia de diversos mecanismos que explicariam o efeito da vitamina D nos componentes de s\u00edndrome metab\u00f3lica. Segundo o artigo, a explica\u00e7\u00e3o mais plaus\u00edvel para essa rela\u00e7\u00e3o seria a influ\u00eancia da vitamina D na secre\u00e7\u00e3o e sensibilidade da insulina, horm\u00f4nio secretado no p\u00e2ncreas que tem importante papel na s\u00edndrome metab\u00f3lica.<\/p>\n<p>\u201cO receptor de vitamina D \u00e9 expresso em c\u00e9lulas pancre\u00e1ticas secretoras de insulina e em tecidos-alvo perif\u00e9ricos, como m\u00fasculo esquel\u00e9tico e tecido adiposo. A defici\u00eancia de vitamina D pode comprometer a capacidade das c\u00e9lulas de converter a pr\u00f3-insulina em insulina\u201d, escreveram os autores.<\/p>\n<p>Efeitos extra\u00f3sseos<\/p>\n<p>Os mesmos pesquisadores da Unesp tamb\u00e9m analisaram a rela\u00e7\u00e3o entre a defici\u00eancia de vitamina D e o c\u00e2ncer de mama em mulheres na p\u00f3s-menopausa. O estudo, com resultados publicados em\u00a0, foi conduzido com 192 mulheres entre 45 e 75 anos, que receberam diagn\u00f3stico recente de c\u00e2ncer de mama e estavam na p\u00f3s-menopausa h\u00e1 mais de 12 meses.<\/p>\n<p>No estudo, 33,8% das pacientes tinham n\u00edveis suficientes de vitamina D, enquanto 66,2% dos casos apresentavam defici\u00eancia. Mulheres com insufici\u00eancia ou defici\u00eancia de vitamina D tiveram uma maior propor\u00e7\u00e3o de tumores com grau avan\u00e7ado ou metast\u00e1tico.<\/p>\n<p>A equipe avan\u00e7a no entendimento dos efeitos da vitamina D em diferentes doen\u00e7as cr\u00f4nicas, como obesidade, hipertens\u00e3o, diabetes e consequentemente s\u00edndrome metab\u00f3lica, e tamb\u00e9m em rela\u00e7\u00e3o ao c\u00e2ncer de mama.<\/p>\n<p>\u201cReconhecidamente, a vitamina D \u00e9 importante para a massa \u00f3ssea, principalmente para ajudar a absorver o c\u00e1lcio para o osso. Agora, estamos estudando os efeitos extra\u00f3sseos da vitamina D no sistema cardiovascular e na mama, que s\u00e3o os dois focos do nosso estudo atual. Nos \u00faltimos anos, a associa\u00e7\u00e3o entre a defici\u00eancia da vitamina D com inflama\u00e7\u00e3o e doen\u00e7as cardiometab\u00f3licas foi proposta. No entanto, ainda faltam informa\u00e7\u00f5es sobre a associa\u00e7\u00e3o entre vitamina D e marcadores cardioinflamat\u00f3rios na popula\u00e7\u00e3o em geral\u201d, disse Nahas.<\/p>\n<p>Ela explica que o envelhecimento \u00e9 um fator importante para a baixa de vitamina D. \u201cQuando nos expomos ao sol, existe uma pr\u00e9-vitamina D no tecido adiposo, embaixo da pele. Por\u00e9m, quando envelhecemos perdemos n\u00e3o apenas massa muscular, mas ocorrem altera\u00e7\u00f5es na composi\u00e7\u00e3o corporal e perdemos tamb\u00e9m essa pr\u00e9-vitamina. Por isso, normalmente, mesmo que o idoso se exponha ao sol, produz menos vitamina D\u201d, disse.<\/p>\n<p>O grupo de pesquisadores espera agora avan\u00e7ar com estudos sobre suplementa\u00e7\u00e3o isolada de vitamina D e indicadores de doen\u00e7a cardiovascular em mulheres na p\u00f3s-menopausa.<\/p>\n<p>\u201cS\u00e3o precisos mais estudos para poder fazer essas associa\u00e7\u00f5es importantes sobre os efeitos da suplementa\u00e7\u00e3o no perfil cardiometab\u00f3lico e imune-inflamat\u00f3rio da doen\u00e7a cardiovascular e na qualidade de vida das mulheres na p\u00f3s-menopausa\u201d, disse Nahas.<\/p>\n<p>A pesquisadora alerta que \u00e9 preciso uma maior aten\u00e7\u00e3o com o grupo de mulheres na p\u00f3s-menopausa. \u00c9 indicado procurar um m\u00e9dico para verificar a necessidade de suplementa\u00e7\u00e3o da vitamina D. \u201cA hipovitaminose pode promover repercuss\u00f5es, seja no c\u00e2ncer de mama, doen\u00e7as vasculares, seja na s\u00edndrome metab\u00f3lica\u201d, disse.<\/p>\n<p>O artigo\u00a0Vitamin D deficiency is associated with metabolic syndrome in postmenopausal women\u00a0(doi: 10.1016\/j.maturitas.2017.10.011), de Eneida Boteon Schmitt, Jorge Nahas-Neto, Flavia Bueloni-Dias, Priscila Ferreira Poloni, Claudio Lera Orsatti, Eliana Aguiar Petri Nahas, pode ser lido na\u00a0Maturitas\u00a0em\u00a0.<\/p>\n<p>O artigo\u00a0Vitamin D deficiency is associated with poor breast cancer prognostic features in postmenopausal women\u00a0(doi: 10.1016\/j.jsbmb.2017.10.009), de Benedito de Sousa Almeida-Filho, Heloisa De Luca Vespoli, Eduardo Carvalho Pessoa, Murilo Machado, Jorge Nahas-Neto, Eliana Aguiar Petri Nahas, pode ser lido em\u00a0The Journal of Steroid Biochemistry and Molecular\u00a0em\u00a0.<\/p>\n","protected":false},"excerpt":{"rendered":"<p>Maria Fernanda Ziegler\u00a0 |\u00a0 Ag\u00eancia FAPESP\u00a0\u2013 Pesquisadores da Faculdade de Medicina de Botucatu da Universidade Estadual Paulista (FMB-Unesp) encontraram uma forte associa\u00e7\u00e3o entre defici\u00eancia de vitamina D e s\u00edndrome metab\u00f3lica \u2013 conjunto de condi\u00e7\u00f5es que aumentam o risco de doen\u00e7a card\u00edaca, de acidente vascular cerebral e de diabetes \u2013 em mulheres no per\u00edodo de p\u00f3s-menopausa. [&hellip;]<\/p>\n","protected":false},"author":2,"featured_media":37376,"comment_status":"open","ping_status":"closed","sticky":false,"template":"","format":"standard","meta":{"tdm_status":"","tdm_grid_status":"","footnotes":""},"categories":[22,5],"tags":[],"class_list":{"0":"post-135871","1":"post","2":"type-post","3":"status-publish","4":"format-standard","5":"has-post-thumbnail","7":"category-brasil","8":"category-saude-e-vida"},"_links":{"self":[{"href":"https:\/\/migracao.redenoticia.com.br\/noticia\/wp-json\/wp\/v2\/posts\/135871","targetHints":{"allow":["GET"]}}],"collection":[{"href":"https:\/\/migracao.redenoticia.com.br\/noticia\/wp-json\/wp\/v2\/posts"}],"about":[{"href":"https:\/\/migracao.redenoticia.com.br\/noticia\/wp-json\/wp\/v2\/types\/post"}],"author":[{"embeddable":true,"href":"https:\/\/migracao.redenoticia.com.br\/noticia\/wp-json\/wp\/v2\/users\/2"}],"replies":[{"embeddable":true,"href":"https:\/\/migracao.redenoticia.com.br\/noticia\/wp-json\/wp\/v2\/comments?post=135871"}],"version-history":[{"count":0,"href":"https:\/\/migracao.redenoticia.com.br\/noticia\/wp-json\/wp\/v2\/posts\/135871\/revisions"}],"wp:featuredmedia":[{"embeddable":true,"href":"https:\/\/migracao.redenoticia.com.br\/noticia\/wp-json\/wp\/v2\/media\/37376"}],"wp:attachment":[{"href":"https:\/\/migracao.redenoticia.com.br\/noticia\/wp-json\/wp\/v2\/media?parent=135871"}],"wp:term":[{"taxonomy":"category","embeddable":true,"href":"https:\/\/migracao.redenoticia.com.br\/noticia\/wp-json\/wp\/v2\/categories?post=135871"},{"taxonomy":"post_tag","embeddable":true,"href":"https:\/\/migracao.redenoticia.com.br\/noticia\/wp-json\/wp\/v2\/tags?post=135871"}],"curies":[{"name":"wp","href":"https:\/\/api.w.org\/{rel}","templated":true}]}}