{"id":135932,"date":"2018-02-26T15:04:39","date_gmt":"2018-02-26T18:04:39","guid":{"rendered":"https:\/\/www.redenoticia.com.br\/noticia\/?p=135932"},"modified":"2018-02-26T18:58:54","modified_gmt":"2018-02-26T21:58:54","slug":"resumo-novela-chiquititas-27-02-mili-e-gabriela-vao-visitar-valentina","status":"publish","type":"post","link":"https:\/\/migracao.redenoticia.com.br\/noticia\/2018\/resumo-novela-chiquititas-27-02-mili-e-gabriela-vao-visitar-valentina\/135932","title":{"rendered":"Resumo novela \u201cChiquititas\u201d 27\/02: Mili e Gabriela visitam Valentina"},"content":{"rendered":"<p><img loading=\"lazy\" decoding=\"async\" class=\"alignleft size-thumbnail wp-image-49690\" src=\"https:\/\/migracao.redenoticia.com.br\/noticia\/imagens\/chiquititas1-150x112.jpg\" alt=\"chiquititas\" width=\"150\" height=\"112\" \/><strong><em>Resumo novela \u201cChiquititas\u201d 27\/02<\/em><\/strong>: no cap\u00edtulo 381(*) da novela \u201cChiquititas\u201d, resumo de ter\u00e7a-feira, 27 de fevereiro, Samuca se lembra de Bel. Rafa entra e pergunta no que ele estava pensando. Samuca diz que estava pensando em F\u00edsica. Rafa comenta que precisa provar para Bel que n\u00e3o foi ele quem aprontou tudo na casa da \u00e1rvore. Samuca comenta com Rafa que talvez as c\u00e2meras que ele instalou na casa da \u00e1rvore o ajude. Eles assistem as grava\u00e7\u00f5es, constatam que foram os vizinhos que estragaram a surpresa de Rafa e decidem contar para Bel. Duda leva flores para Pata no Orfanato e eles v\u00e3o passear. Vivi diz para Mili que tem muito medo de se aproximar do pai e ver que ele n\u00e3o mudou. <\/p>\n<p>Mili diz que ela tem que dar uma nova chance a ele. Junior conta para Carol que fez o teste para saber se Diego \u00e9 seu filho. Bel chega ao Orfanato e Rafa mostra as grava\u00e7\u00f5es. Bel pede desculpas por ter maltratado Rafa sem ele ter culpa de nada. Na sorveteria, Pata e Duda se divertem. Bel vai atr\u00e1s dos vizinhos para tirar satisfa\u00e7\u00f5es e diz que n\u00e3o andar\u00e1 mais com eles. Beto fala para \u00c9rika que tem um amigo interessado nela, e que ele passou o telefone dela para o amigo. Helena devolve a boneca Laura para Maria. Na pris\u00e3o, Ernestina trama um plano para ir \u00e0 visita encontrar Chico no lugar de Matilde. Duda e Pata d\u00e3o sequ\u00eancia no plano de fazer ci\u00fame em Marian e decidem ir ao cinema.<\/p>\n<p> Mili e Gabriela v\u00e3o visitar Valentina. As presas seguram Matilde para que Ernestina possa ir receber a visita. Quem a espera \u00e9 Cintia e n\u00e3o o Chico, como ela esperava. Andreia vai ao escrit\u00f3rio de Junior com o resultado do DNA. Cintia diz que assim que encontrar o tesouro no Orfanato ir\u00e1 libertar Matilde da pris\u00e3o. Ernestina fica sem entender. Junior abre o exame e o resultado \u00e9 positivo. Andreia fica muito feliz. Valentina tenta se comunicar com Gabriela e Mili, mas n\u00e3o consegue. Andreia pede para Junior ser presente na vida de Diego. Andreia insinua que ela e Junior precisam ficar juntos por causa do filho, mas ele diz que no caso deles ter\u00e1 que ser diferente, pois ele j\u00e1 namora a Carol.<\/p>\n<p>(*) edi\u00e7\u00e3o do SBT, Novela \u201cChiquititas\u201d, sujeito a altera\u00e7\u00e3o de data e conte\u00fado.<\/p>\n<p>Chiquititas gira em torno do orfanato Raio de Luz, que carrega em sua hist\u00f3ria um grande segredo envolvendo a fam\u00edlia e o dono do orfanato, Dr. Jos\u00e9 Ricardo Almeida Campos. Em um per\u00edodo anterior \u00e0 novela, exatos treze anos, sua filha Gabriela se apaixonou e ficou gr\u00e1vida de Miguel, filho de Valentina, empregada da casa dos Almeida Campos. Pouco depois, Jos\u00e9 Ricardo sequestrou sua neta, pois, como um homem conservador, ele n\u00e3o aceitava a ideia de que sua filha se envolvesse com um empregado. Como sua neta, Milena, apelidada como Mili, precisava de um lugar para morar, ele comprou um casar\u00e3o e fundou um orfanato, o Raio de Luz. Mili cresceu l\u00e1 com outras garotas que chegaram posteriormente: Bia, Ana, as irm\u00e3s Tati e Vivi, e Cris. Ao decorrer dos anos, elas se tornam uma fam\u00edlia. Elas s\u00e3o supervisionadas por Ernestina, zeladora do orfanato, e Chico, o cozinheiro amado pelas internas. Sofia, ex-governanta da fam\u00edlia Almeida Campos, \u00e9 a diretora do lugar, at\u00e9 que Carmem, irm\u00e3 de Jos\u00e9 Ricardo, entre em seu lugar. Chegam ainda mais \u00f3rf\u00e3os: Pata, Mosca, Binho e Rafa, que viviam nas ruas antes de entrarem na institui\u00e7\u00e3o. Pata e Mili tornam-se amigas rapidamente, enquanto Mosca, Binho e Rafa s\u00e3o os primeiros garotos a entrar no abrigo. As crian\u00e7as sem-teto foram ajudadas por uma doce e bela garota que tocam e mudam a vida delas, assim como as das garotas \u00f3rf\u00e3s.<\/p>\n","protected":false},"excerpt":{"rendered":"<p>Resumo novela \u201cChiquititas\u201d 27\/02: no cap\u00edtulo 381(*) da novela \u201cChiquititas\u201d, resumo de ter\u00e7a-feira, 27 de fevereiro, Samuca se lembra de Bel. Rafa entra e pergunta no que ele estava pensando. Samuca diz que estava pensando em F\u00edsica. Rafa comenta que precisa provar para Bel que n\u00e3o foi ele quem aprontou tudo na casa da \u00e1rvore. [&hellip;]<\/p>\n","protected":false},"author":4,"featured_media":49690,"comment_status":"open","ping_status":"closed","sticky":false,"template":"","format":"standard","meta":{"tdm_status":"","tdm_grid_status":"","footnotes":""},"categories":[409,379,372,343],"tags":[441],"class_list":{"0":"post-135932","1":"post","2":"type-post","3":"status-publish","4":"format-standard","5":"has-post-thumbnail","7":"category-chiquititas","8":"category-novelas","9":"category-sbt","10":"category-televisao","11":"tag-resumo-do-dia"},"_links":{"self":[{"href":"https:\/\/migracao.redenoticia.com.br\/noticia\/wp-json\/wp\/v2\/posts\/135932","targetHints":{"allow":["GET"]}}],"collection":[{"href":"https:\/\/migracao.redenoticia.com.br\/noticia\/wp-json\/wp\/v2\/posts"}],"about":[{"href":"https:\/\/migracao.redenoticia.com.br\/noticia\/wp-json\/wp\/v2\/types\/post"}],"author":[{"embeddable":true,"href":"https:\/\/migracao.redenoticia.com.br\/noticia\/wp-json\/wp\/v2\/users\/4"}],"replies":[{"embeddable":true,"href":"https:\/\/migracao.redenoticia.com.br\/noticia\/wp-json\/wp\/v2\/comments?post=135932"}],"version-history":[{"count":0,"href":"https:\/\/migracao.redenoticia.com.br\/noticia\/wp-json\/wp\/v2\/posts\/135932\/revisions"}],"wp:featuredmedia":[{"embeddable":true,"href":"https:\/\/migracao.redenoticia.com.br\/noticia\/wp-json\/wp\/v2\/media\/49690"}],"wp:attachment":[{"href":"https:\/\/migracao.redenoticia.com.br\/noticia\/wp-json\/wp\/v2\/media?parent=135932"}],"wp:term":[{"taxonomy":"category","embeddable":true,"href":"https:\/\/migracao.redenoticia.com.br\/noticia\/wp-json\/wp\/v2\/categories?post=135932"},{"taxonomy":"post_tag","embeddable":true,"href":"https:\/\/migracao.redenoticia.com.br\/noticia\/wp-json\/wp\/v2\/tags?post=135932"}],"curies":[{"name":"wp","href":"https:\/\/api.w.org\/{rel}","templated":true}]}}