{"id":135986,"date":"2018-02-27T00:05:01","date_gmt":"2018-02-27T03:05:01","guid":{"rendered":"https:\/\/www.redenoticia.com.br\/noticia\/?p=135986"},"modified":"2018-02-26T23:19:06","modified_gmt":"2018-02-27T02:19:06","slug":"pos-doutorado-em-fisiologia-endocrina-com-bolsa-da-fapesp-3","status":"publish","type":"post","link":"https:\/\/migracao.redenoticia.com.br\/noticia\/2018\/pos-doutorado-em-fisiologia-endocrina-com-bolsa-da-fapesp-3\/135986","title":{"rendered":"P\u00f3s-doutorado em fisiologia end\u00f3crina com Bolsa da FAPESP"},"content":{"rendered":"<p> Ag\u00eancia FAPESP\u00a0\u2013 Uma oportunidade de <strong><em>p\u00f3s-doutorado<\/em><\/strong>, com Bolsa da FAPESP, est\u00e1 dispon\u00edvel no Projeto Tem\u00e1tico \u201c\u201d, conduzido no Instituto de Ci\u00eancias Biom\u00e9dicas (ICB) da USP. O prazo de inscri\u00e7\u00e3o termina em 1\u00ba de mar\u00e7o de 2018.<\/p>\n<p>As candidaturas est\u00e3o abertas para doutores com t\u00edtulo h\u00e1 menos de sete anos na \u00e1rea de Ci\u00eancias Biol\u00f3gicas ou Ci\u00eancias da Sa\u00fade. O objetivo do projeto \u00e9 entender como se processam as altera\u00e7\u00f5es na din\u00e2mica de plasticidade do tecido adiposo \u2013 utilizando o modelo de indu\u00e7\u00e3o iatrog\u00eanica de Cushing \u2013 e por quais mecanismos b\u00e1sicos se d\u00e1 essa regula\u00e7\u00e3o.<\/p>\n<p>Busca-se pesquisador para estudo do envolvimento de microRNAs na plasticidade do tecido adiposo induzidas pelo hipercortisolismo iatrog\u00eanico cr\u00f4nico. O estudo ser\u00e1 realizado no Laborat\u00f3rio de Farmacogen\u00f4mica do Departamento de Farmacologia do ICB-USP, com coordena\u00e7\u00e3o do professor do\u00a0.<\/p>\n<p>O bolsista deve ter experi\u00eancia em an\u00e1lise de express\u00e3o de microRNAs e experi\u00eancia pr\u00e9via com manipula\u00e7\u00e3o de animais, cultivo celular e, de prefer\u00eancia, s\u00f3lida forma\u00e7\u00e3o em biologia molecular. Al\u00e9m disso, \u00e9 importante ter interesse por an\u00e1lise e interpreta\u00e7\u00e3o de dados de express\u00e3o por\u00a0array.<\/p>\n<p>Os interessados devem enviar curr\u00edculo atualizado, carta de interesse e carta de recomenda\u00e7\u00e3o para a professora\u00a0, pelo e-mail\u00a0alice-rodrigues@usp.br.<\/p>\n<p>Mais informa\u00e7\u00f5es sobre a vaga est\u00e3o dispon\u00edveis em\u00a0.<\/p>\n<p>A vaga est\u00e1 aberta a brasileiros e estrangeiros. O selecionado receber\u00e1 Bolsa de P\u00f3s-Doutorado da FAPESP no valor de R$ 7.174,80 mensais e Reserva T\u00e9cnica. A Reserva T\u00e9cnica de Bolsa de PD equivale a 15% do valor anual da bolsa e tem o objetivo de atender a despesas imprevistas e diretamente relacionadas \u00e0 atividade de pesquisa.<\/p>\n<p>Caso o bolsista de PD resida em domic\u00edlio diferente e precise se mudar para a cidade onde se localiza a institui\u00e7\u00e3o-sede da pesquisa, poder\u00e1 ter direito a um Aux\u00edlio-Instala\u00e7\u00e3o. Mais informa\u00e7\u00f5es sobre a Bolsa de P\u00f3s-Doutorado da FAPESP est\u00e3o dispon\u00edveis em\u00a0.<\/p>\n<p>Outras vagas de bolsas, em diversas \u00e1reas do conhecimento, est\u00e3o no site FAPESP-Oportunidades, em\u00a0.<\/p>\n","protected":false},"excerpt":{"rendered":"<p>Ag\u00eancia FAPESP\u00a0\u2013 Uma oportunidade de p\u00f3s-doutorado, com Bolsa da FAPESP, est\u00e1 dispon\u00edvel no Projeto Tem\u00e1tico \u201c\u201d, conduzido no Instituto de Ci\u00eancias Biom\u00e9dicas (ICB) da USP. O prazo de inscri\u00e7\u00e3o termina em 1\u00ba de mar\u00e7o de 2018. As candidaturas est\u00e3o abertas para doutores com t\u00edtulo h\u00e1 menos de sete anos na \u00e1rea de Ci\u00eancias Biol\u00f3gicas ou [&hellip;]<\/p>\n","protected":false},"author":2,"featured_media":57579,"comment_status":"open","ping_status":"closed","sticky":false,"template":"","format":"standard","meta":{"tdm_status":"","tdm_grid_status":"","footnotes":""},"categories":[22,370,353],"tags":[],"class_list":{"0":"post-135986","1":"post","2":"type-post","3":"status-publish","4":"format-standard","5":"has-post-thumbnail","7":"category-brasil","8":"category-inscricao","9":"category-oportunidades"},"_links":{"self":[{"href":"https:\/\/migracao.redenoticia.com.br\/noticia\/wp-json\/wp\/v2\/posts\/135986","targetHints":{"allow":["GET"]}}],"collection":[{"href":"https:\/\/migracao.redenoticia.com.br\/noticia\/wp-json\/wp\/v2\/posts"}],"about":[{"href":"https:\/\/migracao.redenoticia.com.br\/noticia\/wp-json\/wp\/v2\/types\/post"}],"author":[{"embeddable":true,"href":"https:\/\/migracao.redenoticia.com.br\/noticia\/wp-json\/wp\/v2\/users\/2"}],"replies":[{"embeddable":true,"href":"https:\/\/migracao.redenoticia.com.br\/noticia\/wp-json\/wp\/v2\/comments?post=135986"}],"version-history":[{"count":0,"href":"https:\/\/migracao.redenoticia.com.br\/noticia\/wp-json\/wp\/v2\/posts\/135986\/revisions"}],"wp:featuredmedia":[{"embeddable":true,"href":"https:\/\/migracao.redenoticia.com.br\/noticia\/wp-json\/wp\/v2\/media\/57579"}],"wp:attachment":[{"href":"https:\/\/migracao.redenoticia.com.br\/noticia\/wp-json\/wp\/v2\/media?parent=135986"}],"wp:term":[{"taxonomy":"category","embeddable":true,"href":"https:\/\/migracao.redenoticia.com.br\/noticia\/wp-json\/wp\/v2\/categories?post=135986"},{"taxonomy":"post_tag","embeddable":true,"href":"https:\/\/migracao.redenoticia.com.br\/noticia\/wp-json\/wp\/v2\/tags?post=135986"}],"curies":[{"name":"wp","href":"https:\/\/api.w.org\/{rel}","templated":true}]}}