{"id":136116,"date":"2018-02-28T15:04:09","date_gmt":"2018-02-28T18:04:09","guid":{"rendered":"https:\/\/www.redenoticia.com.br\/noticia\/?p=136116"},"modified":"2018-02-28T18:37:50","modified_gmt":"2018-02-28T21:37:50","slug":"resumo-novela-chiquititas-01-03-pata-e-duda-quase-se-beijam","status":"publish","type":"post","link":"https:\/\/migracao.redenoticia.com.br\/noticia\/2018\/resumo-novela-chiquititas-01-03-pata-e-duda-quase-se-beijam\/136116","title":{"rendered":"Resumo novela \u201cChiquititas\u201d 01\/03: Pata e Duda quase se beijam"},"content":{"rendered":"<p><img loading=\"lazy\" decoding=\"async\" class=\"alignleft size-thumbnail wp-image-49690\" src=\"https:\/\/migracao.redenoticia.com.br\/noticia\/imagens\/chiquititas1-150x112.jpg\" alt=\"chiquititas\" width=\"150\" height=\"112\" \/><strong><em>Resumo novela \u201cChiquititas\u201d 01\/03<\/em><\/strong>: no cap\u00edtulo 383(*) da novela \u201cChiquititas\u201d, resumo de quinta-feira, 01 de mar\u00e7o, Ernestina volta para a cela, ap\u00f3s conversar com Cintia. Dani combina com Chico e Carol como ser\u00e1 sua festa de anivers\u00e1rio. As crian\u00e7as voltam \u00e0 casa de Helena, agora com os detectores de fantasmas do Samuca. Eles detectam que existe um \u201cfantasma\u201d, que estava se aproximando deles e saem correndo. Gabriela e Mili conversam sobre Valentina. Carmen chega e fica incomodada com a aproxima\u00e7\u00e3o das duas. <\/p>\n<p>Pata e Duda v\u00e3o se despedir e quase se beijam. Marian fala para Pata que o namoro deles n\u00e3o vai dar certo, porque a fam\u00edlia Almeida Campos nunca vai querer uma menina de rua na fam\u00edlia. Tobias continua a ter alucina\u00e7\u00f5es com Tom\u00e1s Ferraz. Helena espiona as crian\u00e7as falando sobre sua casa. As crian\u00e7as ligam para um comunicador com al\u00e9m para pedir ajuda com o \u201cfantasma\u201d. Mili encontra Pata pensativa no quarto. Pata conta para Mili o que Marian falou. Junior vai at\u00e9 ao Orfanato contar a Carol que o exame de DNA deu positivo. Carol, mais uma vez, o apoia. Junior diz que ficou com medo de perd\u00ea-la e Carol o tranquiliza. <\/p>\n<p>Charles Tony, o comunicador com o al\u00e9m, chega em frente \u00e0 casa de Helena. Junior conta para Gabi que \u00e9 o pai da crian\u00e7a. Junior re\u00fane toda a fam\u00edlia na sala para dar a not\u00edcia. Chico consola Carol. Helena aparece com uma lanterna na janela, grita e assusta as crian\u00e7as e o Charles Tony. Todos saem gritando e correndo.<\/p>\n<p> (*) edi\u00e7\u00e3o do SBT, Novela \u201cChiquititas\u201d, sujeito a altera\u00e7\u00e3o de data e conte\u00fado.<\/p>\n<p>Chiquititas gira em torno do orfanato Raio de Luz, que carrega em sua hist\u00f3ria um grande segredo envolvendo a fam\u00edlia e o dono do orfanato, Dr. Jos\u00e9 Ricardo Almeida Campos. Em um per\u00edodo anterior \u00e0 novela, exatos treze anos, sua filha Gabriela se apaixonou e ficou gr\u00e1vida de Miguel, filho de Valentina, empregada da casa dos Almeida Campos. Pouco depois, Jos\u00e9 Ricardo sequestrou sua neta, pois, como um homem conservador, ele n\u00e3o aceitava a ideia de que sua filha se envolvesse com um empregado. Como sua neta, Milena, apelidada como Mili, precisava de um lugar para morar, ele comprou um casar\u00e3o e fundou um orfanato, o Raio de Luz. Mili cresceu l\u00e1 com outras garotas que chegaram posteriormente: Bia, Ana, as irm\u00e3s Tati e Vivi, e Cris. Ao decorrer dos anos, elas se tornam uma fam\u00edlia. Elas s\u00e3o supervisionadas por Ernestina, zeladora do orfanato, e Chico, o cozinheiro amado pelas internas. Sofia, ex-governanta da fam\u00edlia Almeida Campos, \u00e9 a diretora do lugar, at\u00e9 que Carmem, irm\u00e3 de Jos\u00e9 Ricardo, entre em seu lugar. Chegam ainda mais \u00f3rf\u00e3os: Pata, Mosca, Binho e Rafa, que viviam nas ruas antes de entrarem na institui\u00e7\u00e3o. Pata e Mili tornam-se amigas rapidamente, enquanto Mosca, Binho e Rafa s\u00e3o os primeiros garotos a entrar no abrigo. As crian\u00e7as sem-teto foram ajudadas por uma doce e bela garota que tocam e mudam a vida delas, assim como as das garotas \u00f3rf\u00e3s.<\/p>\n","protected":false},"excerpt":{"rendered":"<p>Resumo novela \u201cChiquititas\u201d 01\/03: no cap\u00edtulo 383(*) da novela \u201cChiquititas\u201d, resumo de quinta-feira, 01 de mar\u00e7o, Ernestina volta para a cela, ap\u00f3s conversar com Cintia. Dani combina com Chico e Carol como ser\u00e1 sua festa de anivers\u00e1rio. As crian\u00e7as voltam \u00e0 casa de Helena, agora com os detectores de fantasmas do Samuca. Eles detectam que [&hellip;]<\/p>\n","protected":false},"author":4,"featured_media":49690,"comment_status":"open","ping_status":"closed","sticky":false,"template":"","format":"standard","meta":{"tdm_status":"","tdm_grid_status":"","footnotes":""},"categories":[409,379,372,343],"tags":[441],"class_list":{"0":"post-136116","1":"post","2":"type-post","3":"status-publish","4":"format-standard","5":"has-post-thumbnail","7":"category-chiquititas","8":"category-novelas","9":"category-sbt","10":"category-televisao","11":"tag-resumo-do-dia"},"_links":{"self":[{"href":"https:\/\/migracao.redenoticia.com.br\/noticia\/wp-json\/wp\/v2\/posts\/136116","targetHints":{"allow":["GET"]}}],"collection":[{"href":"https:\/\/migracao.redenoticia.com.br\/noticia\/wp-json\/wp\/v2\/posts"}],"about":[{"href":"https:\/\/migracao.redenoticia.com.br\/noticia\/wp-json\/wp\/v2\/types\/post"}],"author":[{"embeddable":true,"href":"https:\/\/migracao.redenoticia.com.br\/noticia\/wp-json\/wp\/v2\/users\/4"}],"replies":[{"embeddable":true,"href":"https:\/\/migracao.redenoticia.com.br\/noticia\/wp-json\/wp\/v2\/comments?post=136116"}],"version-history":[{"count":0,"href":"https:\/\/migracao.redenoticia.com.br\/noticia\/wp-json\/wp\/v2\/posts\/136116\/revisions"}],"wp:featuredmedia":[{"embeddable":true,"href":"https:\/\/migracao.redenoticia.com.br\/noticia\/wp-json\/wp\/v2\/media\/49690"}],"wp:attachment":[{"href":"https:\/\/migracao.redenoticia.com.br\/noticia\/wp-json\/wp\/v2\/media?parent=136116"}],"wp:term":[{"taxonomy":"category","embeddable":true,"href":"https:\/\/migracao.redenoticia.com.br\/noticia\/wp-json\/wp\/v2\/categories?post=136116"},{"taxonomy":"post_tag","embeddable":true,"href":"https:\/\/migracao.redenoticia.com.br\/noticia\/wp-json\/wp\/v2\/tags?post=136116"}],"curies":[{"name":"wp","href":"https:\/\/api.w.org\/{rel}","templated":true}]}}