{"id":136143,"date":"2018-03-01T00:04:59","date_gmt":"2018-03-01T03:04:59","guid":{"rendered":"https:\/\/www.redenoticia.com.br\/noticia\/?p=136143"},"modified":"2018-02-28T21:46:38","modified_gmt":"2018-03-01T00:46:38","slug":"escola-sp-de-ciencia-avancada-em-fronteiras-de-lasers-recebe-inscricoes","status":"publish","type":"post","link":"https:\/\/migracao.redenoticia.com.br\/noticia\/2018\/escola-sp-de-ciencia-avancada-em-fronteiras-de-lasers-recebe-inscricoes\/136143","title":{"rendered":"Escola SP de Ci\u00eancia Avan\u00e7ada em Fronteiras de Lasers recebe inscri\u00e7\u00f5es"},"content":{"rendered":"<p> Ag\u00eancia FAPESP\u00a0\u2013 A <strong><em>Escola S\u00e3o Paulo de Ci\u00eancia Avan\u00e7ada em Fronteiras de Lasers e suas Aplica\u00e7\u00f5es<\/em><\/strong> (S\u00e3o Paulo School of Advanced Science on Frontiers of Lasers and their Applications) ser\u00e1 realizada de 16 a 27 de julho no Centro de Lasers e Aplica\u00e7\u00f5es (CLA) do Instituto de Pesquisas Energ\u00e9ticas e Nucleares (Ipen), na Cidade Universit\u00e1ria, em S\u00e3o Paulo.<\/p>\n<p>O evento tem apoio da FAPESP por meio da modalidade Escola S\u00e3o Paulo de Ci\u00eancia Avan\u00e7ada () e ocorrer\u00e1 juntamente com a XVI Escola Andr\u00e9 Swieca de \u00d3ptica Qu\u00e2ntica e \u00d3ptica N\u00e3o Linear, vinculada \u00e0 Sociedade Brasileira de F\u00edsica (SBF).<\/p>\n<p>Estudantes de gradua\u00e7\u00e3o e de p\u00f3s-gradua\u00e7\u00e3o, do Brasil e do exterior, podem submeter candidaturas \u00e0 participa\u00e7\u00e3o nas escolas at\u00e9 31 de maio. Para manuten\u00e7\u00e3o dos estudantes selecionados que venham de outras cidades, estados e pa\u00edses ser\u00e3o oferecidos como benef\u00edcios (financiados pela FAPESP) passagens a\u00e9reas, despesas de transporte terrestre local (aeroporto-hotel) e di\u00e1rias na cidade que sediar\u00e1 a escola.<\/p>\n<p>Os interessados devem apresentar carta de recomenda\u00e7\u00e3o, curr\u00edculo cient\u00edfico de p\u00e1gina \u00fanica (modelo dispon\u00edvel no formato Word), resumo de pesquisa (incluindo figuras e refer\u00eancias) e preencher um question\u00e1rio on-line, acess\u00edvel no site do evento.<\/p>\n<p>De acordo com Niklaus Ursus Wetter, coordenador-geral das escolas, o principal objetivo \u00e9 difundir e aprofundar o conhecimento na \u00e1rea de fot\u00f4nica de lasers para criar uma massa cr\u00edtica de cientistas nesse campo da ci\u00eancia.<\/p>\n<p>\u201cEsse aumento \u00e9 poss\u00edvel mediante um ensino de qualidade na base e na fronteira do conhecimento na \u00e1rea, respectivamente os focos das escolas. Elas promover\u00e3o aulas lecionadas por um corpo docente do Brasil e exterior, al\u00e9m de minicursos, oficinas e palestras, de maneira a garantir que os alunos aproveitem ao m\u00e1ximo\u201d, disse Wetter.<\/p>\n<p>A fot\u00f4nica \u00e9 uma das \u00e1reas que mais trar\u00e1 impactos tecnol\u00f3gicos, sociais e econ\u00f4micos em um futuro pr\u00f3ximo, segundo Wetter, por\u00e9m ainda h\u00e1 alguns desafios para esta \u00e1rea florescer no Brasil.<\/p>\n<p>\u201cEntre os gargalos, vejo falta de forma\u00e7\u00e3o de qualidade em parte dos nossos estudantes em compara\u00e7\u00e3o com estudantes provenientes de pa\u00edses onde a educa\u00e7\u00e3o \u00e9 uma prioridade de Estado, o que, em certas situa\u00e7\u00f5es, nos impede de atacar temas mais complexos como os presentes nessa recente \u00e1rea\u201d, disse.<\/p>\n<p>\u201cA realiza\u00e7\u00e3o das escolas, com apoio da FAPESP, \u00e9 mais um passo importante para a forma\u00e7\u00e3o de cientistas, cria\u00e7\u00e3o de empresas e inova\u00e7\u00e3o nessa \u00e1rea t\u00e3o estrat\u00e9gica, que movimentou, em 2017, um mercado de US$ 530 bilh\u00f5es\u201d, disse Wetter.<\/p>\n<p>Mais informa\u00e7\u00f5es:\u00a0\u00a0e\u00a0laserfrontiers@gmail.com. <\/p>\n","protected":false},"excerpt":{"rendered":"<p>Ag\u00eancia FAPESP\u00a0\u2013 A Escola S\u00e3o Paulo de Ci\u00eancia Avan\u00e7ada em Fronteiras de Lasers e suas Aplica\u00e7\u00f5es (S\u00e3o Paulo School of Advanced Science on Frontiers of Lasers and their Applications) ser\u00e1 realizada de 16 a 27 de julho no Centro de Lasers e Aplica\u00e7\u00f5es (CLA) do Instituto de Pesquisas Energ\u00e9ticas e Nucleares (Ipen), na Cidade Universit\u00e1ria, [&hellip;]<\/p>\n","protected":false},"author":2,"featured_media":28951,"comment_status":"open","ping_status":"closed","sticky":false,"template":"","format":"standard","meta":{"tdm_status":"","tdm_grid_status":"","footnotes":""},"categories":[22,351,370],"tags":[],"class_list":{"0":"post-136143","1":"post","2":"type-post","3":"status-publish","4":"format-standard","5":"has-post-thumbnail","7":"category-brasil","8":"category-cursos","9":"category-inscricao"},"_links":{"self":[{"href":"https:\/\/migracao.redenoticia.com.br\/noticia\/wp-json\/wp\/v2\/posts\/136143","targetHints":{"allow":["GET"]}}],"collection":[{"href":"https:\/\/migracao.redenoticia.com.br\/noticia\/wp-json\/wp\/v2\/posts"}],"about":[{"href":"https:\/\/migracao.redenoticia.com.br\/noticia\/wp-json\/wp\/v2\/types\/post"}],"author":[{"embeddable":true,"href":"https:\/\/migracao.redenoticia.com.br\/noticia\/wp-json\/wp\/v2\/users\/2"}],"replies":[{"embeddable":true,"href":"https:\/\/migracao.redenoticia.com.br\/noticia\/wp-json\/wp\/v2\/comments?post=136143"}],"version-history":[{"count":0,"href":"https:\/\/migracao.redenoticia.com.br\/noticia\/wp-json\/wp\/v2\/posts\/136143\/revisions"}],"wp:featuredmedia":[{"embeddable":true,"href":"https:\/\/migracao.redenoticia.com.br\/noticia\/wp-json\/wp\/v2\/media\/28951"}],"wp:attachment":[{"href":"https:\/\/migracao.redenoticia.com.br\/noticia\/wp-json\/wp\/v2\/media?parent=136143"}],"wp:term":[{"taxonomy":"category","embeddable":true,"href":"https:\/\/migracao.redenoticia.com.br\/noticia\/wp-json\/wp\/v2\/categories?post=136143"},{"taxonomy":"post_tag","embeddable":true,"href":"https:\/\/migracao.redenoticia.com.br\/noticia\/wp-json\/wp\/v2\/tags?post=136143"}],"curies":[{"name":"wp","href":"https:\/\/api.w.org\/{rel}","templated":true}]}}