{"id":136155,"date":"2018-03-01T00:06:43","date_gmt":"2018-03-01T03:06:43","guid":{"rendered":"https:\/\/www.redenoticia.com.br\/noticia\/?p=136155"},"modified":"2018-02-28T21:45:01","modified_gmt":"2018-03-01T00:45:01","slug":"ufscar-oferece-mba-em-restauracao-licenciamento-e-adequacao-ambiental","status":"publish","type":"post","link":"https:\/\/migracao.redenoticia.com.br\/noticia\/2018\/ufscar-oferece-mba-em-restauracao-licenciamento-e-adequacao-ambiental\/136155","title":{"rendered":"UFSCar oferece MBA em restaura\u00e7\u00e3o, licenciamento e adequa\u00e7\u00e3o ambiental"},"content":{"rendered":"<p> Ag\u00eancia FAPESP\u00a0\u2013 Est\u00e3o abertas, at\u00e9 3 de mar\u00e7o, as inscri\u00e7\u00f5es de 2018 para o <strong><em>MBA em Restaura\u00e7\u00e3o, Licenciamento e Adequa\u00e7\u00e3o Ambiental<\/em><\/strong>, oferecido no campus Sorocaba da Universidade Federal de S\u00e3o Carlos (UFSCar). O curso de especializa\u00e7\u00e3o tem o objetivo de preparar e atualizar profissionais com conhecimentos t\u00e9cnico-cient\u00edficos voltados \u00e0 atua\u00e7\u00e3o no planejamento, implanta\u00e7\u00e3o e monitoramento de projetos e atividades de restaura\u00e7\u00e3o de \u00e1reas degradadas e adequa\u00e7\u00e3o de propriedades rurais, com base em princ\u00edpios legais, t\u00e9cnicos e ambientais.<\/p>\n<p>O MBA \u00e9 destinado a profissionais com forma\u00e7\u00e3o acad\u00eamica nas \u00e1reas de Ci\u00eancias Agr\u00e1rias (Agronomia, Engenharia Florestal, Engenharia Agr\u00edcola e Zootecnia), Biologia, Engenharia Ambiental; vinculados \u00e0s \u00e1reas t\u00e9cnicas, gerenciais e estrat\u00e9gicas de empresas de consultoria ambiental; aut\u00f4nomos ou outros que possam vir a ocupar cargos de gest\u00e3o ambiental em institui\u00e7\u00f5es p\u00fablicas ou privadas.<\/p>\n<p>O curso, com dura\u00e7\u00e3o de 376 horas, \u00e9 dividido em quatro m\u00f3dulos e inclui disciplinas como Planejamento de Bacias Hidrogr\u00e1ficas, Legisla\u00e7\u00e3o Florestal, M\u00e9todos de Restaura\u00e7\u00e3o, Pr\u00e1ticas Silviculturais e Ecologia e Conserva\u00e7\u00e3o. As aulas ser\u00e3o ministradas de mar\u00e7o de 2018 a dezembro de 2019, concentradas aos s\u00e1bados, das 8 \u00e0s 12 horas e das 13 \u00e0s 17 horas.<\/p>\n<p>O processo seletivo ser\u00e1 realizado pela an\u00e1lise do curr\u00edculo e pela ordem das inscri\u00e7\u00f5es, que podem ser feitas via\u00a0. S\u00e3o disponibilizadas 50 vagas.<\/p>\n<p>Mais informa\u00e7\u00f5es:\u00a0, pelo telefone (15) 99691-6032 ou pelo e-mail\u00a0mba.rad.ufscar@gmail.com.<\/p>\n","protected":false},"excerpt":{"rendered":"<p>Ag\u00eancia FAPESP\u00a0\u2013 Est\u00e3o abertas, at\u00e9 3 de mar\u00e7o, as inscri\u00e7\u00f5es de 2018 para o MBA em Restaura\u00e7\u00e3o, Licenciamento e Adequa\u00e7\u00e3o Ambiental, oferecido no campus Sorocaba da Universidade Federal de S\u00e3o Carlos (UFSCar). O curso de especializa\u00e7\u00e3o tem o objetivo de preparar e atualizar profissionais com conhecimentos t\u00e9cnico-cient\u00edficos voltados \u00e0 atua\u00e7\u00e3o no planejamento, implanta\u00e7\u00e3o e monitoramento [&hellip;]<\/p>\n","protected":false},"author":2,"featured_media":36248,"comment_status":"open","ping_status":"closed","sticky":false,"template":"","format":"standard","meta":{"tdm_status":"","tdm_grid_status":"","footnotes":""},"categories":[22,351,370],"tags":[],"class_list":{"0":"post-136155","1":"post","2":"type-post","3":"status-publish","4":"format-standard","5":"has-post-thumbnail","7":"category-brasil","8":"category-cursos","9":"category-inscricao"},"_links":{"self":[{"href":"https:\/\/migracao.redenoticia.com.br\/noticia\/wp-json\/wp\/v2\/posts\/136155","targetHints":{"allow":["GET"]}}],"collection":[{"href":"https:\/\/migracao.redenoticia.com.br\/noticia\/wp-json\/wp\/v2\/posts"}],"about":[{"href":"https:\/\/migracao.redenoticia.com.br\/noticia\/wp-json\/wp\/v2\/types\/post"}],"author":[{"embeddable":true,"href":"https:\/\/migracao.redenoticia.com.br\/noticia\/wp-json\/wp\/v2\/users\/2"}],"replies":[{"embeddable":true,"href":"https:\/\/migracao.redenoticia.com.br\/noticia\/wp-json\/wp\/v2\/comments?post=136155"}],"version-history":[{"count":0,"href":"https:\/\/migracao.redenoticia.com.br\/noticia\/wp-json\/wp\/v2\/posts\/136155\/revisions"}],"wp:featuredmedia":[{"embeddable":true,"href":"https:\/\/migracao.redenoticia.com.br\/noticia\/wp-json\/wp\/v2\/media\/36248"}],"wp:attachment":[{"href":"https:\/\/migracao.redenoticia.com.br\/noticia\/wp-json\/wp\/v2\/media?parent=136155"}],"wp:term":[{"taxonomy":"category","embeddable":true,"href":"https:\/\/migracao.redenoticia.com.br\/noticia\/wp-json\/wp\/v2\/categories?post=136155"},{"taxonomy":"post_tag","embeddable":true,"href":"https:\/\/migracao.redenoticia.com.br\/noticia\/wp-json\/wp\/v2\/tags?post=136155"}],"curies":[{"name":"wp","href":"https:\/\/api.w.org\/{rel}","templated":true}]}}