{"id":136266,"date":"2018-03-02T00:09:41","date_gmt":"2018-03-02T03:09:41","guid":{"rendered":"https:\/\/www.redenoticia.com.br\/noticia\/?p=136266"},"modified":"2018-03-01T22:12:01","modified_gmt":"2018-03-02T01:12:01","slug":"rio-ja-tem-47-mortes-confirmadas-por-febre-amarela","status":"publish","type":"post","link":"https:\/\/migracao.redenoticia.com.br\/noticia\/2018\/rio-ja-tem-47-mortes-confirmadas-por-febre-amarela\/136266","title":{"rendered":"Rio j\u00e1 tem 47 mortes confirmadas por febre amarela"},"content":{"rendered":"<p> A Secretaria Estadual de Sa\u00fade do Rio de Janeiro confirmou novas mortes por <strong><em>febre amarela<\/em><\/strong> no estado. O Rio j\u00e1 soma 47 mortes e 103 casos confirmados da doen\u00e7a, em 21 munic\u00edpios de v\u00e1rias regi\u00f5es. O maior n\u00famero de mortes foi registrado em Angra dos Reis, que soma 11, de um total de 21 casos. Em Teres\u00f3polis e Valen\u00e7a, foram seis mortes em cada munic\u00edpio. Em Nova Friburgo e Cantagalo, foram tr\u00eas mortes (cada).<\/p>\n<p>Quatro munic\u00edpios registraram duas mortes: Rio das Flores, Sumidouro, Engenheiro Paulo de Frontin e Trajano de Moraes. Tamb\u00e9m tiveram mortes as cidades de Miguel Pereira, Duas Barras, Vassouras, Para\u00edba do Sul, Carmo, Maric\u00e1, Mangaratiba, Pira\u00ed, Cachoeiras de Macacu e Rio Claro. Em dois lugares houve casos registrados, mas n\u00e3o mortes: Petr\u00f3polis e Paty do Alferes.<\/p>\n<p>A Secretaria de Sa\u00fade ainda confirmou mortes de macacos com febre amarela nos munic\u00edpios de Niter\u00f3i, Barra Mansa, Angra, Valen\u00e7a, Miguel Pereira, Volta Redonda, Duas Barras, Paraty, Engenheiro Paulo de Frontin, Araruama e Serop\u00e9dica. A Secretaria ressalta que os macacos n\u00e3o s\u00e3o respons\u00e1veis pela transmiss\u00e3o da febre amarela. A doen\u00e7a \u00e9 transmitida por meio da picada de mosquitos.<\/p>\n<p> Vitor Abdala \u2013 Rep\u00f3rter da Ag\u00eancia Brasil<br \/>\nEdi\u00e7\u00e3o: Gra\u00e7a Adjuto<br \/>\n02\/03\/2018<\/p>\n","protected":false},"excerpt":{"rendered":"<p>A Secretaria Estadual de Sa\u00fade do Rio de Janeiro confirmou novas mortes por febre amarela no estado. O Rio j\u00e1 soma 47 mortes e 103 casos confirmados da doen\u00e7a, em 21 munic\u00edpios de v\u00e1rias regi\u00f5es. O maior n\u00famero de mortes foi registrado em Angra dos Reis, que soma 11, de um total de 21 casos. [&hellip;]<\/p>\n","protected":false},"author":2,"featured_media":57579,"comment_status":"open","ping_status":"closed","sticky":false,"template":"","format":"standard","meta":{"tdm_status":"","tdm_grid_status":"","footnotes":""},"categories":[22,5],"tags":[],"class_list":{"0":"post-136266","1":"post","2":"type-post","3":"status-publish","4":"format-standard","5":"has-post-thumbnail","7":"category-brasil","8":"category-saude-e-vida"},"_links":{"self":[{"href":"https:\/\/migracao.redenoticia.com.br\/noticia\/wp-json\/wp\/v2\/posts\/136266","targetHints":{"allow":["GET"]}}],"collection":[{"href":"https:\/\/migracao.redenoticia.com.br\/noticia\/wp-json\/wp\/v2\/posts"}],"about":[{"href":"https:\/\/migracao.redenoticia.com.br\/noticia\/wp-json\/wp\/v2\/types\/post"}],"author":[{"embeddable":true,"href":"https:\/\/migracao.redenoticia.com.br\/noticia\/wp-json\/wp\/v2\/users\/2"}],"replies":[{"embeddable":true,"href":"https:\/\/migracao.redenoticia.com.br\/noticia\/wp-json\/wp\/v2\/comments?post=136266"}],"version-history":[{"count":0,"href":"https:\/\/migracao.redenoticia.com.br\/noticia\/wp-json\/wp\/v2\/posts\/136266\/revisions"}],"wp:featuredmedia":[{"embeddable":true,"href":"https:\/\/migracao.redenoticia.com.br\/noticia\/wp-json\/wp\/v2\/media\/57579"}],"wp:attachment":[{"href":"https:\/\/migracao.redenoticia.com.br\/noticia\/wp-json\/wp\/v2\/media?parent=136266"}],"wp:term":[{"taxonomy":"category","embeddable":true,"href":"https:\/\/migracao.redenoticia.com.br\/noticia\/wp-json\/wp\/v2\/categories?post=136266"},{"taxonomy":"post_tag","embeddable":true,"href":"https:\/\/migracao.redenoticia.com.br\/noticia\/wp-json\/wp\/v2\/tags?post=136266"}],"curies":[{"name":"wp","href":"https:\/\/api.w.org\/{rel}","templated":true}]}}