{"id":136328,"date":"2018-03-05T00:34:16","date_gmt":"2018-03-05T03:34:16","guid":{"rendered":"https:\/\/www.redenoticia.com.br\/noticia\/?p=136328"},"modified":"2018-03-04T15:12:39","modified_gmt":"2018-03-04T18:12:39","slug":"centrinho-oferece-especializacao-em-radiologia-odontologica-e-imaginologia","status":"publish","type":"post","link":"https:\/\/migracao.redenoticia.com.br\/noticia\/2018\/centrinho-oferece-especializacao-em-radiologia-odontologica-e-imaginologia\/136328","title":{"rendered":"Centrinho oferece especializa\u00e7\u00e3o em radiologia odontol\u00f3gica e imaginologia"},"content":{"rendered":"<p> Ag\u00eancia FAPESP\u00a0\u2013 O Hospital de Reabilita\u00e7\u00e3o de Anomalias Craniofaciais (HRAC\/Centrinho) da USP abriu processo seletivo para preenchimento de seis vagas remanescentes do <strong><em>curso de Especializa\u00e7\u00e3o em Radiologia Odontol\u00f3gica e Imaginologia<\/em><\/strong>, voltado a graduados em odontologia.<\/p>\n<p>A especializa\u00e7\u00e3o tem dura\u00e7\u00e3o de dois anos, de 23 de mar\u00e7o de 2018 a fevereiro de 2020, com 24 horas semanais de atividades. A sele\u00e7\u00e3o ser\u00e1 realizada em duas etapas: prova de conhecimentos espec\u00edficos em radiologia odontol\u00f3gica e prova de ingl\u00eas, no dia 13 de mar\u00e7o, e an\u00e1lise curricular, no dia 16 de mar\u00e7o.<\/p>\n<p>As inscri\u00e7\u00f5es ser\u00e3o recebidas at\u00e9 5 de mar\u00e7o, das 8h30 \u00e0s 11h30 e das 14h30 \u00e0s 17h30, na Se\u00e7\u00e3o de Apoio Acad\u00eamico do HRAC-USP. Inscri\u00e7\u00f5es pelo correio dever\u00e3o conter a documenta\u00e7\u00e3o exigida, conforme detalhado no\u00a0, e ser\u00e1 considerada como data de inscri\u00e7\u00e3o a data da postagem. O hospital fica na rua S\u00edlvio Marchione, 3-20, Vila Universit\u00e1ria, Bauru, SP, CEP 17012-900.<\/p>\n<p>O resultado final ser\u00e1 a m\u00e9dia ponderada das duas etapas de sele\u00e7\u00e3o e ser\u00e1 divulgado no dia 19 de mar\u00e7o, a partir das 14 horas, no\u00a0.<\/p>\n<p>Mais informa\u00e7\u00f5es:\u00a0, pelo e-mail\u00a0saac@usp.br\u00a0ou telefone (14) 3235-8420.<\/p>\n<p>&#8212;<\/p>\n<p>&nbsp;<\/p>\n<p>&#8212;<\/p>\n<p>&#8212;<\/p>\n<p>&#8212;<\/p>\n<p>&#8212;<\/p>\n<p>&#8212;<\/p>\n","protected":false},"excerpt":{"rendered":"<p>Ag\u00eancia FAPESP\u00a0\u2013 O Hospital de Reabilita\u00e7\u00e3o de Anomalias Craniofaciais (HRAC\/Centrinho) da USP abriu processo seletivo para preenchimento de seis vagas remanescentes do curso de Especializa\u00e7\u00e3o em Radiologia Odontol\u00f3gica e Imaginologia, voltado a graduados em odontologia. A especializa\u00e7\u00e3o tem dura\u00e7\u00e3o de dois anos, de 23 de mar\u00e7o de 2018 a fevereiro de 2020, com 24 horas [&hellip;]<\/p>\n","protected":false},"author":2,"featured_media":28951,"comment_status":"open","ping_status":"closed","sticky":false,"template":"","format":"standard","meta":{"tdm_status":"","tdm_grid_status":"","footnotes":""},"categories":[22,351,370],"tags":[],"class_list":{"0":"post-136328","1":"post","2":"type-post","3":"status-publish","4":"format-standard","5":"has-post-thumbnail","7":"category-brasil","8":"category-cursos","9":"category-inscricao"},"_links":{"self":[{"href":"https:\/\/migracao.redenoticia.com.br\/noticia\/wp-json\/wp\/v2\/posts\/136328","targetHints":{"allow":["GET"]}}],"collection":[{"href":"https:\/\/migracao.redenoticia.com.br\/noticia\/wp-json\/wp\/v2\/posts"}],"about":[{"href":"https:\/\/migracao.redenoticia.com.br\/noticia\/wp-json\/wp\/v2\/types\/post"}],"author":[{"embeddable":true,"href":"https:\/\/migracao.redenoticia.com.br\/noticia\/wp-json\/wp\/v2\/users\/2"}],"replies":[{"embeddable":true,"href":"https:\/\/migracao.redenoticia.com.br\/noticia\/wp-json\/wp\/v2\/comments?post=136328"}],"version-history":[{"count":0,"href":"https:\/\/migracao.redenoticia.com.br\/noticia\/wp-json\/wp\/v2\/posts\/136328\/revisions"}],"wp:featuredmedia":[{"embeddable":true,"href":"https:\/\/migracao.redenoticia.com.br\/noticia\/wp-json\/wp\/v2\/media\/28951"}],"wp:attachment":[{"href":"https:\/\/migracao.redenoticia.com.br\/noticia\/wp-json\/wp\/v2\/media?parent=136328"}],"wp:term":[{"taxonomy":"category","embeddable":true,"href":"https:\/\/migracao.redenoticia.com.br\/noticia\/wp-json\/wp\/v2\/categories?post=136328"},{"taxonomy":"post_tag","embeddable":true,"href":"https:\/\/migracao.redenoticia.com.br\/noticia\/wp-json\/wp\/v2\/tags?post=136328"}],"curies":[{"name":"wp","href":"https:\/\/api.w.org\/{rel}","templated":true}]}}