{"id":136409,"date":"2018-03-05T00:35:09","date_gmt":"2018-03-05T03:35:09","guid":{"rendered":"https:\/\/www.redenoticia.com.br\/noticia\/?p=136409"},"modified":"2018-03-04T15:12:48","modified_gmt":"2018-03-04T18:12:48","slug":"programa-de-capacitacao-em-populacao-cidades-e-politicas-sociais-recebe-inscricoes","status":"publish","type":"post","link":"https:\/\/migracao.redenoticia.com.br\/noticia\/2018\/programa-de-capacitacao-em-populacao-cidades-e-politicas-sociais-recebe-inscricoes\/136409","title":{"rendered":"Programa de Capacita\u00e7\u00e3o em Popula\u00e7\u00e3o, Cidades e Pol\u00edticas Sociais recebe inscri\u00e7\u00f5es"},"content":{"rendered":"<p> Ag\u00eancia FAPESP\u00a0\u2013 A 14\u00aa edi\u00e7\u00e3o do <strong><em>Programa de Capacita\u00e7\u00e3o em Popula\u00e7\u00e3o, Cidades e Pol\u00edticas Sociais<\/em><\/strong> ser\u00e1 realizada pela Universidade Federal de S\u00e3o Carlos (UFSCar) nos dias 10 e 11 de abril de 2018. Os objetivos centrais s\u00e3o a sensibiliza\u00e7\u00e3o e a capacita\u00e7\u00e3o de gestores p\u00fablicos municipais, estaduais e federais acerca de temas relacionados com a din\u00e2mica populacional e as pol\u00edticas sociais.<\/p>\n<p>Na atual edi\u00e7\u00e3o, o enfoque ser\u00e1 a transi\u00e7\u00e3o demogr\u00e1fica e indicadores sociais. Entre as atividades previstas est\u00e3o as mesas-redondas &#8220;Transi\u00e7\u00e3o Demogr\u00e1fica e Pol\u00edticas Sociais: a import\u00e2ncia dos indicadores sociais&#8221; e &#8220;Demandas locais e regionais&#8221; e as oficinas &#8220;Pesquisa Etnogr\u00e1fica: refer\u00eancias para Pol\u00edticas P\u00fablicas&#8221; e &#8220;Banco de Dados P\u00fablicos e Georreferenciamento&#8221;, conforme pode ser conferido na\u00a0.<\/p>\n<p>O programa \u00e9 uma iniciativa do projeto Observat\u00f3rio das Migra\u00e7\u00f5es em S\u00e3o Paulo, do N\u00facleo de Estudos de Popula\u00e7\u00e3o &#8220;Elza Berqu\u00f3&#8221; da Unicamp, que nesta edi\u00e7\u00e3o ocorre em parceria com o N\u00facleo de Estudos em Sociologia Econ\u00f4mica e das Finan\u00e7as da UFSCar e com o N\u00facleo de Estudos e Pesquisas sobre Sociedade, Poder, Organiza\u00e7\u00e3o e Mercado da Universidade Estadual Paulista (Unesp), campus de Araraquara, com apoio da FAPESP.<\/p>\n<p>O p\u00fablico-alvo \u00e9 formado por gestores e funcion\u00e1rios p\u00fablicos municipais, estaduais ou federais; representantes de movimentos sociais e organismos n\u00e3o governamentais; e estudantes de gradua\u00e7\u00e3o e p\u00f3s-gradua\u00e7\u00e3o com interesse na \u00e1rea de estudos de popula\u00e7\u00e3o e pol\u00edticas sociais.<\/p>\n<p>As inscri\u00e7\u00f5es devem ser realizadas at\u00e9 5 de mar\u00e7o, por meio do preenchimento e envio de ficha de inscri\u00e7\u00e3o\u00a0. S\u00e3o oferecidas 60 vagas e a lista de pessoas selecionadas ser\u00e1 divulgada em 15 de mar\u00e7o, por e-mail.<\/p>\n<p>O programa \u00e9 gratuito, mas as pessoas selecionadas para participar dever\u00e3o arcar com eventuais custos de transporte, hospedagem e alimenta\u00e7\u00e3o. As atividades ser\u00e3o realizadas no campus S\u00e3o Carlos da UFSCar, na rod. Washington Lu\u00eds, km 235 &#8211; SP-310, S\u00e3o Carlos, SP.<\/p>\n<p>Mais informa\u00e7\u00f5es:\u00a0\u00a0ou pelo e-mail\u00a0giovana.ggp@gmail.com.<\/p>\n","protected":false},"excerpt":{"rendered":"<p>Ag\u00eancia FAPESP\u00a0\u2013 A 14\u00aa edi\u00e7\u00e3o do Programa de Capacita\u00e7\u00e3o em Popula\u00e7\u00e3o, Cidades e Pol\u00edticas Sociais ser\u00e1 realizada pela Universidade Federal de S\u00e3o Carlos (UFSCar) nos dias 10 e 11 de abril de 2018. Os objetivos centrais s\u00e3o a sensibiliza\u00e7\u00e3o e a capacita\u00e7\u00e3o de gestores p\u00fablicos municipais, estaduais e federais acerca de temas relacionados com a [&hellip;]<\/p>\n","protected":false},"author":2,"featured_media":36246,"comment_status":"open","ping_status":"closed","sticky":false,"template":"","format":"standard","meta":{"tdm_status":"","tdm_grid_status":"","footnotes":""},"categories":[22,351,370],"tags":[],"class_list":{"0":"post-136409","1":"post","2":"type-post","3":"status-publish","4":"format-standard","5":"has-post-thumbnail","7":"category-brasil","8":"category-cursos","9":"category-inscricao"},"_links":{"self":[{"href":"https:\/\/migracao.redenoticia.com.br\/noticia\/wp-json\/wp\/v2\/posts\/136409","targetHints":{"allow":["GET"]}}],"collection":[{"href":"https:\/\/migracao.redenoticia.com.br\/noticia\/wp-json\/wp\/v2\/posts"}],"about":[{"href":"https:\/\/migracao.redenoticia.com.br\/noticia\/wp-json\/wp\/v2\/types\/post"}],"author":[{"embeddable":true,"href":"https:\/\/migracao.redenoticia.com.br\/noticia\/wp-json\/wp\/v2\/users\/2"}],"replies":[{"embeddable":true,"href":"https:\/\/migracao.redenoticia.com.br\/noticia\/wp-json\/wp\/v2\/comments?post=136409"}],"version-history":[{"count":0,"href":"https:\/\/migracao.redenoticia.com.br\/noticia\/wp-json\/wp\/v2\/posts\/136409\/revisions"}],"wp:featuredmedia":[{"embeddable":true,"href":"https:\/\/migracao.redenoticia.com.br\/noticia\/wp-json\/wp\/v2\/media\/36246"}],"wp:attachment":[{"href":"https:\/\/migracao.redenoticia.com.br\/noticia\/wp-json\/wp\/v2\/media?parent=136409"}],"wp:term":[{"taxonomy":"category","embeddable":true,"href":"https:\/\/migracao.redenoticia.com.br\/noticia\/wp-json\/wp\/v2\/categories?post=136409"},{"taxonomy":"post_tag","embeddable":true,"href":"https:\/\/migracao.redenoticia.com.br\/noticia\/wp-json\/wp\/v2\/tags?post=136409"}],"curies":[{"name":"wp","href":"https:\/\/api.w.org\/{rel}","templated":true}]}}