{"id":136474,"date":"2018-03-06T00:04:44","date_gmt":"2018-03-06T03:04:44","guid":{"rendered":"https:\/\/www.redenoticia.com.br\/noticia\/?p=136474"},"modified":"2018-03-05T21:36:05","modified_gmt":"2018-03-06T00:36:05","slug":"cem-oferece-curso-de-geoprocessamento-para-politicas-sociais","status":"publish","type":"post","link":"https:\/\/migracao.redenoticia.com.br\/noticia\/2018\/cem-oferece-curso-de-geoprocessamento-para-politicas-sociais\/136474","title":{"rendered":"CEM oferece curso de geoprocessamento para pol\u00edticas sociais"},"content":{"rendered":"<p> Ag\u00eancia FAPESP\u00a0\u2013 O Centro de Estudos da Metr\u00f3pole (), um Centro de Pesquisa, Inova\u00e7\u00e3o e Difus\u00e3o () financiado pela FAPESP, ministrar\u00e1 <strong><em>cursos b\u00e1sicos de geoprocessamento<\/em><\/strong> voltados para pol\u00edticas sociais. As datas para o primeiro semestre de 2018 s\u00e3o 21 a 23 de mar\u00e7o, 25 a 27 de abril, 23 a 25 de maio e 27 a 29 de junho. As inscri\u00e7\u00f5es est\u00e3o abertas para os cursos de 20 horas.<\/p>\n<p>Segundo o CEM, o curso de geoprocessamento elaborado para o programa livre TerraView Pol\u00edtica Social proporcionar\u00e1 uma vis\u00e3o geral do sistema, tanto do ponto de vista conceitual como pr\u00e1tico.<\/p>\n<p>Os participantes conhecer\u00e3o as funcionalidades b\u00e1sicas e ser\u00e3o habilitados a explorar as possibilidades de apresenta\u00e7\u00e3o e de an\u00e1lise espacial de dados sociais, econ\u00f4micos e demogr\u00e1ficos, proporcionadas pelo programa e pelas bases de dados dispon\u00edveis. Ao final do treinamento, espera-se que os participantes possam visualizar, pesquisar e analisar dados geogr\u00e1ficos e tabulares, al\u00e9m de gerar mapas e gr\u00e1ficos com qualidade cartogr\u00e1fica.<\/p>\n<p>Para realizar o curso TerraView Pol\u00edtica Social n\u00e3o s\u00e3o necess\u00e1rios conhecimentos pr\u00e9vios de geoprocessamento, sendo voltado a todos os profissionais e estudantes com conhecimentos b\u00e1sicos de inform\u00e1tica e internet.<\/p>\n<p>Os alunos receber\u00e3o apostila com os exemplos usados no curso, CD com o programa TerraView Pol\u00edtica Social e as bases de dados e o certificado de conclus\u00e3o de curso.<\/p>\n<p>As aulas ser\u00e3o dadas no Centro Brasileiro de An\u00e1lise e Planejamento (Cebrap), rua Morgado de Mateus, 615, Vila Mariana, S\u00e3o Paulo, pr\u00f3ximo ao Metr\u00f4 Ana Rosa, das 9 \u00e0s 18 horas no primeiro e segundo dia, e das 9 \u00e0s 13 horas, no terceiro dia.<\/p>\n<p>Para os quatro meses, o curso custa R$ 600 ou R$ 500 para pagamento antecipado.<\/p>\n<p>Mais informa\u00e7\u00f5es e inscri\u00e7\u00f5es:\u00a0.<\/p>\n<p>&#8212;<\/p>\n<p>&#8212;<\/p>\n<p>&#8212;<\/p>\n<p>&#8212;<\/p>\n<p>&#8212;<\/p>\n<p>&#8212;<\/p>\n<p>&#8212;<\/p>\n","protected":false},"excerpt":{"rendered":"<p>Ag\u00eancia FAPESP\u00a0\u2013 O Centro de Estudos da Metr\u00f3pole (), um Centro de Pesquisa, Inova\u00e7\u00e3o e Difus\u00e3o () financiado pela FAPESP, ministrar\u00e1 cursos b\u00e1sicos de geoprocessamento voltados para pol\u00edticas sociais. As datas para o primeiro semestre de 2018 s\u00e3o 21 a 23 de mar\u00e7o, 25 a 27 de abril, 23 a 25 de maio e 27 [&hellip;]<\/p>\n","protected":false},"author":2,"featured_media":57576,"comment_status":"open","ping_status":"closed","sticky":false,"template":"","format":"standard","meta":{"tdm_status":"","tdm_grid_status":"","footnotes":""},"categories":[22,351,370],"tags":[],"class_list":{"0":"post-136474","1":"post","2":"type-post","3":"status-publish","4":"format-standard","5":"has-post-thumbnail","7":"category-brasil","8":"category-cursos","9":"category-inscricao"},"_links":{"self":[{"href":"https:\/\/migracao.redenoticia.com.br\/noticia\/wp-json\/wp\/v2\/posts\/136474","targetHints":{"allow":["GET"]}}],"collection":[{"href":"https:\/\/migracao.redenoticia.com.br\/noticia\/wp-json\/wp\/v2\/posts"}],"about":[{"href":"https:\/\/migracao.redenoticia.com.br\/noticia\/wp-json\/wp\/v2\/types\/post"}],"author":[{"embeddable":true,"href":"https:\/\/migracao.redenoticia.com.br\/noticia\/wp-json\/wp\/v2\/users\/2"}],"replies":[{"embeddable":true,"href":"https:\/\/migracao.redenoticia.com.br\/noticia\/wp-json\/wp\/v2\/comments?post=136474"}],"version-history":[{"count":0,"href":"https:\/\/migracao.redenoticia.com.br\/noticia\/wp-json\/wp\/v2\/posts\/136474\/revisions"}],"wp:featuredmedia":[{"embeddable":true,"href":"https:\/\/migracao.redenoticia.com.br\/noticia\/wp-json\/wp\/v2\/media\/57576"}],"wp:attachment":[{"href":"https:\/\/migracao.redenoticia.com.br\/noticia\/wp-json\/wp\/v2\/media?parent=136474"}],"wp:term":[{"taxonomy":"category","embeddable":true,"href":"https:\/\/migracao.redenoticia.com.br\/noticia\/wp-json\/wp\/v2\/categories?post=136474"},{"taxonomy":"post_tag","embeddable":true,"href":"https:\/\/migracao.redenoticia.com.br\/noticia\/wp-json\/wp\/v2\/tags?post=136474"}],"curies":[{"name":"wp","href":"https:\/\/api.w.org\/{rel}","templated":true}]}}