{"id":136483,"date":"2018-03-05T16:03:12","date_gmt":"2018-03-05T19:03:12","guid":{"rendered":"https:\/\/www.redenoticia.com.br\/noticia\/?p=136483"},"modified":"2018-03-05T21:19:50","modified_gmt":"2018-03-06T00:19:50","slug":"resumo-novela-chiquititas-06-03-todos-comemoram-o-aniversario-da-dani","status":"publish","type":"post","link":"https:\/\/migracao.redenoticia.com.br\/noticia\/2018\/resumo-novela-chiquititas-06-03-todos-comemoram-o-aniversario-da-dani\/136483","title":{"rendered":"Resumo novela \u201cChiquititas\u201d 06\/03: todos comemoram o anivers\u00e1rio da Dani"},"content":{"rendered":"<p><img loading=\"lazy\" decoding=\"async\" class=\"alignleft size-thumbnail wp-image-49690\" src=\"https:\/\/migracao.redenoticia.com.br\/noticia\/imagens\/chiquititas1-150x112.jpg\" alt=\"chiquititas\" width=\"150\" height=\"112\" \/><strong><em>Resumo novela \u201cChiquititas\u201d 06\/03<\/em><\/strong>: no cap\u00edtulo 386(*) da novela \u201cChiquititas\u201d, resumo de ter\u00e7a-feira, 06 de mar\u00e7o, Eduarda chega ao Caf\u00e9 Boutique e encontra Tobias conversando com Dr. Pequenote. Eles inventam uma hist\u00f3ria para despista-la. No Orfanato, todos comemoram o anivers\u00e1rio da Dani. Dr. Fernando a presenteia com uma boneca e a menina adora. Eduarda conta para Maria Cec\u00edlia sobre o encontro de Tobias com advogado e fala para Cec\u00edlia abrir os olhos, porque algo a diz que ele est\u00e1 escondendo alguma coisa dela. Na festa, Cris repara que Duda e Pata est\u00e3o trocando olhares apaixonados, mesmo sem a presen\u00e7a de Marian. Pata comenta com Cris que acha que deu o primeiro beijo e explica tudo o que aconteceu. Tobias chega em casa e Maria Cec\u00edlia pergunta se ele est\u00e1 escondendo algo dela. Carmen chega \u00e0 festa com Junior, Andreia e Diego. <\/p>\n<p>Tobias fala a Cec\u00edlia que n\u00e3o est\u00e1 acontecendo nada demais. E mente que o problema \u00e9 com uma operadora de celular e tamb\u00e9m pela conviv\u00eancia com Eduarda. Maria Cec\u00edlia promete que a m\u00e3e nunca atrapalhar\u00e1 o casamento deles. Junior explica para Carol que n\u00e3o teve como n\u00e3o convidar Andreia, pois Carmen comentou sobre o anivers\u00e1rio. Diego conversa com os meninos, fala que n\u00e3o gosta do Brasil e que sente falta de Londres. Tati e Neco entram na cozinha e encontram Helena cozinhando um caldeir\u00e3o de sopa. Eles acham muito estranho ela comer aquela quantidade sozinha e decidem segui-la. Os meninos comentam que Diego \u00e9 muito nariz empinado. Carmen leva Andreia para conhecer as instala\u00e7\u00f5es do Orfanato. Andreia comenta que n\u00e3o entende o motivo de Carolina ser a diretora e n\u00e3o a Carmen. Carmen diz que queria que Carolina sumisse e que Andreia ficasse com Junior. No quarto, Marian se lembra dela e Mili pequenas jurando amizade eterna. Ela olha a foto das duas, rasga e joga no lixo. <\/p>\n<p>Carmen v\u00ea a foto rasgada. Tati e Neco escutam Helena, em casa, conversando e concluem que ela est\u00e1 falando sozinha. No Orfanato, Thiago e Binho combinam de aprontar com Diego. Carmen chama Marian para conversar e pergunta o motivo dela rasgar a foto com a Mili. Carmen comenta que nunca gostou da Mili e que agora pode revelar isso para Marian, pois encontrou algu\u00e9m que pensa como ela. Marian fala o real motivo pelo qual rasgou a foto. Diz que a Sofia tinha prefer\u00eancia por Mili e que todos s\u00f3 gostam e d\u00e3o prefer\u00eancia a Mili. Marian revela que foi adotada no lugar de Mili, pois a Sofia n\u00e3o deixava ningu\u00e9m adotar Mili. Carmen instiga Marian a ficar com mais raiva de Mili. <\/p>\n<p>Carmen diz que Marian pode contar com a amizade dela e que ningu\u00e9m saber\u00e1 do segredo delas. Todos se divertem na festa da Dani. No Caf\u00e9 Boutique, Clarita estranha a proximidade de Beto e \u00c9rika. Vivi conta para Mili toda a conversa que teve com Shirley. Carmen convidas as crian\u00e7as para andar a cavalo na H\u00edpica. Junior comenta com Carol que tamb\u00e9m tem uma surpresa para Dani e as crian\u00e7as. Junior anuncia a grande surpresa. Todos correm para a sala para ver qual a surpresa e se deparam com o MC Gui. Eles ficam muito felizes, dan\u00e7am e cantam com o MC Gui.<\/p>\n<p>(*) edi\u00e7\u00e3o do SBT, Novela \u201cChiquititas\u201d, sujeito a altera\u00e7\u00e3o de data e conte\u00fado.<\/p>\n<p>Chiquititas gira em torno do orfanato Raio de Luz, que carrega em sua hist\u00f3ria um grande segredo envolvendo a fam\u00edlia e o dono do orfanato, Dr. Jos\u00e9 Ricardo Almeida Campos. Em um per\u00edodo anterior \u00e0 novela, exatos treze anos, sua filha Gabriela se apaixonou e ficou gr\u00e1vida de Miguel, filho de Valentina, empregada da casa dos Almeida Campos. Pouco depois, Jos\u00e9 Ricardo sequestrou sua neta, pois, como um homem conservador, ele n\u00e3o aceitava a ideia de que sua filha se envolvesse com um empregado. Como sua neta, Milena, apelidada como Mili, precisava de um lugar para morar, ele comprou um casar\u00e3o e fundou um orfanato, o Raio de Luz. Mili cresceu l\u00e1 com outras garotas que chegaram posteriormente: Bia, Ana, as irm\u00e3s Tati e Vivi, e Cris. Ao decorrer dos anos, elas se tornam uma fam\u00edlia. Elas s\u00e3o supervisionadas por Ernestina, zeladora do orfanato, e Chico, o cozinheiro amado pelas internas. Sofia, ex-governanta da fam\u00edlia Almeida Campos, \u00e9 a diretora do lugar, at\u00e9 que Carmem, irm\u00e3 de Jos\u00e9 Ricardo, entre em seu lugar. Chegam ainda mais \u00f3rf\u00e3os: Pata, Mosca, Binho e Rafa, que viviam nas ruas antes de entrarem na institui\u00e7\u00e3o. Pata e Mili tornam-se amigas rapidamente, enquanto Mosca, Binho e Rafa s\u00e3o os primeiros garotos a entrar no abrigo. As crian\u00e7as sem-teto foram ajudadas por uma doce e bela garota que tocam e mudam a vida delas, assim como as das garotas \u00f3rf\u00e3s.<\/p>\n","protected":false},"excerpt":{"rendered":"<p>Resumo novela \u201cChiquititas\u201d 06\/03: no cap\u00edtulo 386(*) da novela \u201cChiquititas\u201d, resumo de ter\u00e7a-feira, 06 de mar\u00e7o, Eduarda chega ao Caf\u00e9 Boutique e encontra Tobias conversando com Dr. Pequenote. Eles inventam uma hist\u00f3ria para despista-la. No Orfanato, todos comemoram o anivers\u00e1rio da Dani. Dr. Fernando a presenteia com uma boneca e a menina adora. Eduarda conta [&hellip;]<\/p>\n","protected":false},"author":4,"featured_media":49690,"comment_status":"open","ping_status":"closed","sticky":false,"template":"","format":"standard","meta":{"tdm_status":"","tdm_grid_status":"","footnotes":""},"categories":[409,379,372,343],"tags":[441],"class_list":{"0":"post-136483","1":"post","2":"type-post","3":"status-publish","4":"format-standard","5":"has-post-thumbnail","7":"category-chiquititas","8":"category-novelas","9":"category-sbt","10":"category-televisao","11":"tag-resumo-do-dia"},"_links":{"self":[{"href":"https:\/\/migracao.redenoticia.com.br\/noticia\/wp-json\/wp\/v2\/posts\/136483","targetHints":{"allow":["GET"]}}],"collection":[{"href":"https:\/\/migracao.redenoticia.com.br\/noticia\/wp-json\/wp\/v2\/posts"}],"about":[{"href":"https:\/\/migracao.redenoticia.com.br\/noticia\/wp-json\/wp\/v2\/types\/post"}],"author":[{"embeddable":true,"href":"https:\/\/migracao.redenoticia.com.br\/noticia\/wp-json\/wp\/v2\/users\/4"}],"replies":[{"embeddable":true,"href":"https:\/\/migracao.redenoticia.com.br\/noticia\/wp-json\/wp\/v2\/comments?post=136483"}],"version-history":[{"count":0,"href":"https:\/\/migracao.redenoticia.com.br\/noticia\/wp-json\/wp\/v2\/posts\/136483\/revisions"}],"wp:featuredmedia":[{"embeddable":true,"href":"https:\/\/migracao.redenoticia.com.br\/noticia\/wp-json\/wp\/v2\/media\/49690"}],"wp:attachment":[{"href":"https:\/\/migracao.redenoticia.com.br\/noticia\/wp-json\/wp\/v2\/media?parent=136483"}],"wp:term":[{"taxonomy":"category","embeddable":true,"href":"https:\/\/migracao.redenoticia.com.br\/noticia\/wp-json\/wp\/v2\/categories?post=136483"},{"taxonomy":"post_tag","embeddable":true,"href":"https:\/\/migracao.redenoticia.com.br\/noticia\/wp-json\/wp\/v2\/tags?post=136483"}],"curies":[{"name":"wp","href":"https:\/\/api.w.org\/{rel}","templated":true}]}}