{"id":1365,"date":"2009-05-07T23:38:49","date_gmt":"2009-05-08T03:38:49","guid":{"rendered":"http:\/\/www.redenoticia.com.br\/noticia\/?p=1365"},"modified":"2009-05-07T23:38:49","modified_gmt":"2009-05-08T03:38:49","slug":"publico-lota-clube-para-ver-shinyashiki","status":"publish","type":"post","link":"https:\/\/migracao.redenoticia.com.br\/noticia\/2009\/publico-lota-clube-para-ver-shinyashiki\/1365","title":{"rendered":"P\u00fablico lota clube para ver Shinyashiki"},"content":{"rendered":"<p>Em Ji-Paran\u00e1 a palestra Revolu\u00e7\u00e3o dos Campe\u00f5es, ministrada por Roberto Shinyashiki, m\u00e9dico psiquiatra p\u00f3s-graduado em Gest\u00e3o de Neg\u00f3cios (MBA\/USP) e doutor em Administra\u00e7\u00e3o de Empresas pela Universidade de S\u00e3o Paulo (USP), reuniu mil e quatrocentas pessoas no Clube Vera Cruz.<\/p>\n<p>A palestra fez parte da abertura da 1\u00aa FECOMIND \u00a0e foi organizada pelo Sebrae em parceria com a ACIJIP. O comunicador Roberto Zanettin fez a abertura e a apresenta\u00e7\u00e3o do palestrante.<\/p>\n<p>Os ingressos foram todos vendidos e na opini\u00e3o do p\u00fablico presente se faz necess\u00e1rio e urgente a constru\u00e7\u00e3o de um centro de conven\u00e7\u00f5es em Ji-Paran\u00e1, para que eventos desta natureza possam se realizar com maior freq\u00fc\u00eancia e comodidade.<span style=\"font-family: Arial;\"><\/span><\/p>\n","protected":false},"excerpt":{"rendered":"<p>Em Ji-Paran\u00e1 a palestra Revolu\u00e7\u00e3o dos Campe\u00f5es, ministrada por Roberto Shinyashiki, m\u00e9dico psiquiatra p\u00f3s-graduado em Gest\u00e3o de Neg\u00f3cios (MBA\/USP) e doutor em Administra\u00e7\u00e3o de Empresas pela Universidade de S\u00e3o Paulo (USP), reuniu mil e quatrocentas pessoas no Clube Vera Cruz. A palestra fez parte da abertura da 1\u00aa FECOMIND \u00a0e foi organizada pelo Sebrae em [&hellip;]<\/p>\n","protected":false},"author":3,"featured_media":0,"comment_status":"open","ping_status":"open","sticky":false,"template":"","format":"standard","meta":{"tdm_status":"","tdm_grid_status":"","footnotes":""},"categories":[22],"tags":[],"class_list":{"0":"post-1365","1":"post","2":"type-post","3":"status-publish","4":"format-standard","6":"category-brasil"},"_links":{"self":[{"href":"https:\/\/migracao.redenoticia.com.br\/noticia\/wp-json\/wp\/v2\/posts\/1365","targetHints":{"allow":["GET"]}}],"collection":[{"href":"https:\/\/migracao.redenoticia.com.br\/noticia\/wp-json\/wp\/v2\/posts"}],"about":[{"href":"https:\/\/migracao.redenoticia.com.br\/noticia\/wp-json\/wp\/v2\/types\/post"}],"author":[{"embeddable":true,"href":"https:\/\/migracao.redenoticia.com.br\/noticia\/wp-json\/wp\/v2\/users\/3"}],"replies":[{"embeddable":true,"href":"https:\/\/migracao.redenoticia.com.br\/noticia\/wp-json\/wp\/v2\/comments?post=1365"}],"version-history":[{"count":0,"href":"https:\/\/migracao.redenoticia.com.br\/noticia\/wp-json\/wp\/v2\/posts\/1365\/revisions"}],"wp:attachment":[{"href":"https:\/\/migracao.redenoticia.com.br\/noticia\/wp-json\/wp\/v2\/media?parent=1365"}],"wp:term":[{"taxonomy":"category","embeddable":true,"href":"https:\/\/migracao.redenoticia.com.br\/noticia\/wp-json\/wp\/v2\/categories?post=1365"},{"taxonomy":"post_tag","embeddable":true,"href":"https:\/\/migracao.redenoticia.com.br\/noticia\/wp-json\/wp\/v2\/tags?post=1365"}],"curies":[{"name":"wp","href":"https:\/\/api.w.org\/{rel}","templated":true}]}}