{"id":136515,"date":"2018-03-06T00:06:58","date_gmt":"2018-03-06T03:06:58","guid":{"rendered":"https:\/\/www.redenoticia.com.br\/noticia\/?p=136515"},"modified":"2018-03-05T21:41:23","modified_gmt":"2018-03-06T00:41:23","slug":"centro-paula-souza-firma-acordo-com-institutos-politecnicos-de-portugal","status":"publish","type":"post","link":"https:\/\/migracao.redenoticia.com.br\/noticia\/2018\/centro-paula-souza-firma-acordo-com-institutos-politecnicos-de-portugal\/136515","title":{"rendered":"Centro Paula Souza firma acordo com institutos polit\u00e9cnicos de Portugal"},"content":{"rendered":"<p> A diretora-superintendente do\u00a0\u00a0(CPS), Laura Lagan\u00e1, assinou um acordo com o presidente do Conselho Coordenador dos Institutos Superiores Polit\u00e9cnicos de Portugal (CCISP) e presidente do Instituto Polit\u00e9cnico de Leiria, Nuno Mangas. A parceria prev\u00ea a elabora\u00e7\u00e3o de um <strong><em>programa de interc\u00e2mbio<\/em><\/strong> de professores e alunos entre os dois pa\u00edses para participa\u00e7\u00e3o em congressos cient\u00edficos e atividades de pesquisa e extens\u00e3o. \u201cSer\u00e1 muito importante contar com a tradi\u00e7\u00e3o e o alto padr\u00e3o de ensino dos institutos portugueses para o desenvolvimento de projetos em conjunto\u201d, afirmou a diretora-superintendente.<\/p>\n<p>Tamb\u00e9m participaram do encontro o pr\u00f3-presidente de Rela\u00e7\u00f5es Internacionais do Instituto Polit\u00e9cnico de Beja, Nuno Loureiro, e a vice-presidente do Instituto Polit\u00e9cnico de Leiria, Rita Cadima.<\/p>\n<p>Criado em 1993, O CCISP \u00e9 um \u00f3rg\u00e3o do Minist\u00e9rio da Educa\u00e7\u00e3o de Portugal que coordena 15 institui\u00e7\u00f5es polit\u00e9cnicas de ensino superior em Bragan\u00e7a, Beja, Castelo Branco, C\u00e1vado, Coimbra, Guarda, Leiria, Lisboa, Portalegre, Porto, Santar\u00e9m, Set\u00fabal, Tomar, Viana do Castelo e Viseu. Al\u00e9m disso, integra o conselho da Escola Superior de Hotelaria e Turismo do Estoril, Escola N\u00e1utica Infante D. Henrique, Escola Superior de Enfermagem do Porto e Escola Superior de Enfermagem de Lisboa.<\/p>\n<p>Do Portal do Governo SP<\/p>\n","protected":false},"excerpt":{"rendered":"<p>A diretora-superintendente do\u00a0\u00a0(CPS), Laura Lagan\u00e1, assinou um acordo com o presidente do Conselho Coordenador dos Institutos Superiores Polit\u00e9cnicos de Portugal (CCISP) e presidente do Instituto Polit\u00e9cnico de Leiria, Nuno Mangas. A parceria prev\u00ea a elabora\u00e7\u00e3o de um programa de interc\u00e2mbio de professores e alunos entre os dois pa\u00edses para participa\u00e7\u00e3o em congressos cient\u00edficos e atividades [&hellip;]<\/p>\n","protected":false},"author":2,"featured_media":36248,"comment_status":"open","ping_status":"closed","sticky":false,"template":"","format":"standard","meta":{"tdm_status":"","tdm_grid_status":"","footnotes":""},"categories":[22,351,370],"tags":[],"class_list":{"0":"post-136515","1":"post","2":"type-post","3":"status-publish","4":"format-standard","5":"has-post-thumbnail","7":"category-brasil","8":"category-cursos","9":"category-inscricao"},"_links":{"self":[{"href":"https:\/\/migracao.redenoticia.com.br\/noticia\/wp-json\/wp\/v2\/posts\/136515","targetHints":{"allow":["GET"]}}],"collection":[{"href":"https:\/\/migracao.redenoticia.com.br\/noticia\/wp-json\/wp\/v2\/posts"}],"about":[{"href":"https:\/\/migracao.redenoticia.com.br\/noticia\/wp-json\/wp\/v2\/types\/post"}],"author":[{"embeddable":true,"href":"https:\/\/migracao.redenoticia.com.br\/noticia\/wp-json\/wp\/v2\/users\/2"}],"replies":[{"embeddable":true,"href":"https:\/\/migracao.redenoticia.com.br\/noticia\/wp-json\/wp\/v2\/comments?post=136515"}],"version-history":[{"count":0,"href":"https:\/\/migracao.redenoticia.com.br\/noticia\/wp-json\/wp\/v2\/posts\/136515\/revisions"}],"wp:featuredmedia":[{"embeddable":true,"href":"https:\/\/migracao.redenoticia.com.br\/noticia\/wp-json\/wp\/v2\/media\/36248"}],"wp:attachment":[{"href":"https:\/\/migracao.redenoticia.com.br\/noticia\/wp-json\/wp\/v2\/media?parent=136515"}],"wp:term":[{"taxonomy":"category","embeddable":true,"href":"https:\/\/migracao.redenoticia.com.br\/noticia\/wp-json\/wp\/v2\/categories?post=136515"},{"taxonomy":"post_tag","embeddable":true,"href":"https:\/\/migracao.redenoticia.com.br\/noticia\/wp-json\/wp\/v2\/tags?post=136515"}],"curies":[{"name":"wp","href":"https:\/\/api.w.org\/{rel}","templated":true}]}}