{"id":136570,"date":"2018-03-06T18:29:18","date_gmt":"2018-03-06T21:29:18","guid":{"rendered":"https:\/\/www.redenoticia.com.br\/noticia\/?p=136570"},"modified":"2018-03-06T18:47:04","modified_gmt":"2018-03-06T21:47:04","slug":"resumo-novela-chiquititas-07-03-marian-afrouxa-a-sela-do-cavalo-de-mili","status":"publish","type":"post","link":"https:\/\/migracao.redenoticia.com.br\/noticia\/2018\/resumo-novela-chiquititas-07-03-marian-afrouxa-a-sela-do-cavalo-de-mili\/136570","title":{"rendered":"Resumo novela \u201cChiquititas\u201d 07\/03: Marian afrouxa a sela do cavalo de Mili"},"content":{"rendered":"<p><img loading=\"lazy\" decoding=\"async\" class=\"alignleft size-thumbnail wp-image-49690\" src=\"https:\/\/migracao.redenoticia.com.br\/noticia\/imagens\/chiquititas1-150x112.jpg\" alt=\"chiquititas\" width=\"150\" height=\"112\" \/><strong><em>Resumo novela \u201cChiquititas\u201d 07\/03<\/em><\/strong>: no cap\u00edtulo 387(*) da novela \u201cChiquititas\u201d, resumo de quarta-feira, 07 de mar\u00e7o, Binho e Thiago colocam um bolo no banco para Diego sentar em cima. O menino senta e suja toda cal\u00e7a. Andreia fica brava com a situa\u00e7\u00e3o e afirma que foram os meninos que fizeram uma brincadeira de mau gosto. Carol chama aten\u00e7\u00e3o dos dois. Clarita v\u00ea Beto e \u00c9rika se beijando. Carol e Junior conversam sobre a Andreia e Diego. Dani escuta tudo atr\u00e1s da porta. Dani vai at\u00e9 a sala e diz que Junior ir\u00e1 abandonar ela e a Carol de novo, pois vai preferir ficar com Andreia e com o filho. Dani se tranca no quarto e Junior vai embora. <\/p>\n<p>No Orfanato, as meninas conversam sobre o passeio na h\u00edpica. Pata sonha com Duda se declarando. No dia seguinte, as crian\u00e7as acordam empolgadas para o passeio. Carmen chega para buscar as crian\u00e7as. Clarita fala para Beto que viu ele e \u00c9rika se beijando. As crian\u00e7as chegam \u00e0 h\u00edpica. Vivi vai \u00e0 casa de Shirley para conversar com C\u00edcero. Mili resolve andar a cavalo. Ela escolhe o animal mais manso da h\u00edpica. Marian, escondida, vai at\u00e9 o cavalo que estava sendo preparado para Mili e afrouxa a sela. Vivi e C\u00edcero conversam. Mili e Mosca andam a cavalo. <\/p>\n<p>C\u00edcero pede perd\u00e3o a Vivi por tudo de errado que fez a ela. Vivi diz que ser\u00e1 dif\u00edcil perdo\u00e1-lo. C\u00edcero responde n\u00e3o tem problema, que ir\u00e1 esperar o tempo necess\u00e1rio. Vivi afirma que nunca ir\u00e1 esquecer o que ele fez. Diego anda a cavalo e continua provocando as crian\u00e7as menores. Andreia estimula Diego a querer ser sempre o melhor de todos. Vivi diz a Shirley que est\u00e1 muito confusa e que n\u00e3o consegue odiar o pai. Pata e Duda observam Mili andando a cavalo. Pata comenta que Mili est\u00e1 muito r\u00e1pido. O cavalo sai em disparada e Mili cai. Marian observa tudo com ar de satisfa\u00e7\u00e3o.<\/p>\n<p>(*) edi\u00e7\u00e3o do SBT, Novela \u201cChiquititas\u201d, sujeito a altera\u00e7\u00e3o de data e conte\u00fado.<\/p>\n<p>Chiquititas gira em torno do orfanato Raio de Luz, que carrega em sua hist\u00f3ria um grande segredo envolvendo a fam\u00edlia e o dono do orfanato, Dr. Jos\u00e9 Ricardo Almeida Campos. Em um per\u00edodo anterior \u00e0 novela, exatos treze anos, sua filha Gabriela se apaixonou e ficou gr\u00e1vida de Miguel, filho de Valentina, empregada da casa dos Almeida Campos. Pouco depois, Jos\u00e9 Ricardo sequestrou sua neta, pois, como um homem conservador, ele n\u00e3o aceitava a ideia de que sua filha se envolvesse com um empregado. Como sua neta, Milena, apelidada como Mili, precisava de um lugar para morar, ele comprou um casar\u00e3o e fundou um orfanato, o Raio de Luz. Mili cresceu l\u00e1 com outras garotas que chegaram posteriormente: Bia, Ana, as irm\u00e3s Tati e Vivi, e Cris. Ao decorrer dos anos, elas se tornam uma fam\u00edlia. Elas s\u00e3o supervisionadas por Ernestina, zeladora do orfanato, e Chico, o cozinheiro amado pelas internas. Sofia, ex-governanta da fam\u00edlia Almeida Campos, \u00e9 a diretora do lugar, at\u00e9 que Carmem, irm\u00e3 de Jos\u00e9 Ricardo, entre em seu lugar. Chegam ainda mais \u00f3rf\u00e3os: Pata, Mosca, Binho e Rafa, que viviam nas ruas antes de entrarem na institui\u00e7\u00e3o. Pata e Mili tornam-se amigas rapidamente, enquanto Mosca, Binho e Rafa s\u00e3o os primeiros garotos a entrar no abrigo. As crian\u00e7as sem-teto foram ajudadas por uma doce e bela garota que tocam e mudam a vida delas, assim como as das garotas \u00f3rf\u00e3s.<\/p>\n","protected":false},"excerpt":{"rendered":"<p>Resumo novela \u201cChiquititas\u201d 07\/03: no cap\u00edtulo 387(*) da novela \u201cChiquititas\u201d, resumo de quarta-feira, 07 de mar\u00e7o, Binho e Thiago colocam um bolo no banco para Diego sentar em cima. O menino senta e suja toda cal\u00e7a. Andreia fica brava com a situa\u00e7\u00e3o e afirma que foram os meninos que fizeram uma brincadeira de mau gosto. [&hellip;]<\/p>\n","protected":false},"author":4,"featured_media":49690,"comment_status":"open","ping_status":"closed","sticky":false,"template":"","format":"standard","meta":{"tdm_status":"","tdm_grid_status":"","footnotes":""},"categories":[409,379,372,343],"tags":[441],"class_list":{"0":"post-136570","1":"post","2":"type-post","3":"status-publish","4":"format-standard","5":"has-post-thumbnail","7":"category-chiquititas","8":"category-novelas","9":"category-sbt","10":"category-televisao","11":"tag-resumo-do-dia"},"_links":{"self":[{"href":"https:\/\/migracao.redenoticia.com.br\/noticia\/wp-json\/wp\/v2\/posts\/136570","targetHints":{"allow":["GET"]}}],"collection":[{"href":"https:\/\/migracao.redenoticia.com.br\/noticia\/wp-json\/wp\/v2\/posts"}],"about":[{"href":"https:\/\/migracao.redenoticia.com.br\/noticia\/wp-json\/wp\/v2\/types\/post"}],"author":[{"embeddable":true,"href":"https:\/\/migracao.redenoticia.com.br\/noticia\/wp-json\/wp\/v2\/users\/4"}],"replies":[{"embeddable":true,"href":"https:\/\/migracao.redenoticia.com.br\/noticia\/wp-json\/wp\/v2\/comments?post=136570"}],"version-history":[{"count":0,"href":"https:\/\/migracao.redenoticia.com.br\/noticia\/wp-json\/wp\/v2\/posts\/136570\/revisions"}],"wp:featuredmedia":[{"embeddable":true,"href":"https:\/\/migracao.redenoticia.com.br\/noticia\/wp-json\/wp\/v2\/media\/49690"}],"wp:attachment":[{"href":"https:\/\/migracao.redenoticia.com.br\/noticia\/wp-json\/wp\/v2\/media?parent=136570"}],"wp:term":[{"taxonomy":"category","embeddable":true,"href":"https:\/\/migracao.redenoticia.com.br\/noticia\/wp-json\/wp\/v2\/categories?post=136570"},{"taxonomy":"post_tag","embeddable":true,"href":"https:\/\/migracao.redenoticia.com.br\/noticia\/wp-json\/wp\/v2\/tags?post=136570"}],"curies":[{"name":"wp","href":"https:\/\/api.w.org\/{rel}","templated":true}]}}