{"id":136637,"date":"2018-03-08T07:47:51","date_gmt":"2018-03-08T10:47:51","guid":{"rendered":"https:\/\/www.redenoticia.com.br\/noticia\/?p=136637"},"modified":"2018-03-13T22:31:36","modified_gmt":"2018-03-14T01:31:36","slug":"bbb-18-votacao-enquete-quem-gleici-deve-indicar-para-o-paredao","status":"publish","type":"post","link":"https:\/\/migracao.redenoticia.com.br\/noticia\/2018\/bbb-18-votacao-enquete-quem-gleici-deve-indicar-para-o-paredao\/136637","title":{"rendered":"\u201cBBB\u201d 18 vota\u00e7\u00e3o enquete: quem Gleici deve indicar para o pared\u00e3o?"},"content":{"rendered":"<p><img loading=\"lazy\" decoding=\"async\" class=\"alignleft size-thumbnail wp-image-132206\" src=\"https:\/\/migracao.redenoticia.com.br\/noticia\/imagens\/bbb-1-150x112.jpg\" alt=\"\" width=\"150\" height=\"112\" srcset=\"https:\/\/migracao.redenoticia.com.br\/noticia\/imagens\/bbb-1-150x112.jpg 150w, https:\/\/migracao.redenoticia.com.br\/noticia\/imagens\/bbb-1-265x198.jpg 265w\" sizes=\"auto, (max-width: 150px) 100vw, 150px\" \/><em><strong>\u201cBBB&#8221; 18 vota\u00e7\u00e3o enquete:<\/strong><\/em> em 04\/03, Tiago Leifert explicou a din\u00e2mica do Pared\u00e3o Vai e Volta: o L\u00edder indica uma pessoa e as duas mais votadas pela casa formam o Pared\u00e3o triplo. Com a vota\u00e7\u00e3o aberta, quem for mais votado ser\u00e1 eliminado. O segundo colocado segue na casa normalmente. O menos votado vai para um quarto secreto, onde fica at\u00e9 sexta. Ele sai de l\u00e1 imune e indica algu\u00e9m para o pr\u00f3ximo Pared\u00e3o.<\/p>\n<p>Destaque <\/p>\n<p>Logo depois, Patr\u00edcia, que venceu o desafio Sapato Perfeito, indicou Paula para o pared\u00e3o. Caruso conquistou a imunidade. Viegas ganhou a Prova do Anjo auto imune. Na vota\u00e7\u00e3o da casa, J\u00e9ssica, Kaysar e Diego votaram na Gleici. Wagner, Viegas e Caruso votaram no Mahmoud. Gleici, Paula e Clara\/Ayrton votaram no Diego. Mahmoud e Breno votaram no Wagner. Patr\u00edcia desempatou e mandou Mahmoud e Gleici para o Pared\u00e3o. Tiago Leifert deu largada na vota\u00e7\u00e3o, que aconteceu at\u00e9 o programa ao vivo da ter\u00e7a-feira, 06\/03, onde Mahmoud foi eliminada, Paula ficou na casa e Gleici foi para o quarto secreto.  Participe da vota\u00e7\u00e3o na enquete &#8211; Quem Gleici deve indicar para o pared\u00e3o?<\/p>\n<p>Se voc\u00ea n\u00e3o est\u00e1 vendo a enquete, clique no link abaixo:<\/p>\n<p><script type=\"text\/javascript\" charset=\"utf-8\" src=\"https:\/\/secure.polldaddy.com\/p\/9953823.js\"><\/script><br \/>\n<noscript><\/noscript><\/p>\n<p>Gleici indicou Patr\u00edcia para o pared\u00e3o.<\/p>\n<p>Not\u00edcias relacionadas:<\/p>\n<p>&#8212;<\/p>\n<p>Concorrentes: Breno; Caruso; Clara\/Ayrton; Diego; Gleici; J\u00e9ssica; Kaysar; Patr\u00edcia; Paula; Viegas; Wagner.<\/p>\n<p>Fonte \u201cBBB&#8221; 18 \u2013 Vota\u00e7\u00e3o Enquete<\/p>\n","protected":false},"excerpt":{"rendered":"<p>\u201cBBB&#8221; 18 vota\u00e7\u00e3o enquete: em 04\/03, Tiago Leifert explicou a din\u00e2mica do Pared\u00e3o Vai e Volta: o L\u00edder indica uma pessoa e as duas mais votadas pela casa formam o Pared\u00e3o triplo. Com a vota\u00e7\u00e3o aberta, quem for mais votado ser\u00e1 eliminado. O segundo colocado segue na casa normalmente. O menos votado vai para um [&hellip;]<\/p>\n","protected":false},"author":2,"featured_media":132207,"comment_status":"open","ping_status":"closed","sticky":false,"template":"","format":"standard","meta":{"tdm_status":"","tdm_grid_status":"","footnotes":""},"categories":[375,343],"tags":[466],"class_list":{"0":"post-136637","1":"post","2":"type-post","3":"status-publish","4":"format-standard","5":"has-post-thumbnail","7":"category-rede-globo","8":"category-televisao","9":"tag-bbb"},"_links":{"self":[{"href":"https:\/\/migracao.redenoticia.com.br\/noticia\/wp-json\/wp\/v2\/posts\/136637","targetHints":{"allow":["GET"]}}],"collection":[{"href":"https:\/\/migracao.redenoticia.com.br\/noticia\/wp-json\/wp\/v2\/posts"}],"about":[{"href":"https:\/\/migracao.redenoticia.com.br\/noticia\/wp-json\/wp\/v2\/types\/post"}],"author":[{"embeddable":true,"href":"https:\/\/migracao.redenoticia.com.br\/noticia\/wp-json\/wp\/v2\/users\/2"}],"replies":[{"embeddable":true,"href":"https:\/\/migracao.redenoticia.com.br\/noticia\/wp-json\/wp\/v2\/comments?post=136637"}],"version-history":[{"count":0,"href":"https:\/\/migracao.redenoticia.com.br\/noticia\/wp-json\/wp\/v2\/posts\/136637\/revisions"}],"wp:featuredmedia":[{"embeddable":true,"href":"https:\/\/migracao.redenoticia.com.br\/noticia\/wp-json\/wp\/v2\/media\/132207"}],"wp:attachment":[{"href":"https:\/\/migracao.redenoticia.com.br\/noticia\/wp-json\/wp\/v2\/media?parent=136637"}],"wp:term":[{"taxonomy":"category","embeddable":true,"href":"https:\/\/migracao.redenoticia.com.br\/noticia\/wp-json\/wp\/v2\/categories?post=136637"},{"taxonomy":"post_tag","embeddable":true,"href":"https:\/\/migracao.redenoticia.com.br\/noticia\/wp-json\/wp\/v2\/tags?post=136637"}],"curies":[{"name":"wp","href":"https:\/\/api.w.org\/{rel}","templated":true}]}}