{"id":136656,"date":"2018-03-08T00:04:56","date_gmt":"2018-03-08T03:04:56","guid":{"rendered":"https:\/\/www.redenoticia.com.br\/noticia\/?p=136656"},"modified":"2018-03-07T15:38:01","modified_gmt":"2018-03-07T18:38:01","slug":"neuropediatria-e-tema-de-curso-de-especializacao-na-ufscar","status":"publish","type":"post","link":"https:\/\/migracao.redenoticia.com.br\/noticia\/2018\/neuropediatria-e-tema-de-curso-de-especializacao-na-ufscar\/136656","title":{"rendered":"Neuropediatria \u00e9 tema de curso de especializa\u00e7\u00e3o na UFSCar"},"content":{"rendered":"<p> Ag\u00eancia FAPESP\u00a0\u2013 O XVII <strong><em>Curso de Especializa\u00e7\u00e3o em Interven\u00e7\u00e3o em Neuropediatria<\/em><\/strong>, promovido pelo N\u00facleo de Estudos em Neuropediatria e Motricidade (Nenem) da Universidade Federal de S\u00e3o Carlos (UFSCar), recebe inscri\u00e7\u00f5es at\u00e9 9 de mar\u00e7o de 2018. O p\u00fablico-alvo \u00e9 formado por profissionais da Sa\u00fade, como fisioterapeutas, terapeutas ocupacionais, fonoaudi\u00f3logos e m\u00e9dicos pediatras e neuropediatras. Al\u00e9m deles, graduandos do \u00faltimo ano em cursos da \u00e1rea de Sa\u00fade tamb\u00e9m podem se inscrever.<\/p>\n<p>O curso tem foco na avalia\u00e7\u00e3o e interven\u00e7\u00e3o precoce em beb\u00eas durante os seus primeiros tr\u00eas anos. O objetivo \u00e9 capacitar profissionais da \u00e1rea da Sa\u00fade a respeito do desenvolvimento motor infantil, patologias, avaliar e intervir a fim de otimizar a atividade e participa\u00e7\u00e3o do indiv\u00edduo na sociedade.<\/p>\n<p>A programa\u00e7\u00e3o do curso de 380 horas prev\u00ea disciplinas te\u00f3ricas e pr\u00e1ticas. As aulas come\u00e7am no dia 17 de mar\u00e7o de 2018 e se estendem at\u00e9 o dia 3 de agosto de 2019, sempre a cada 15 dias, aos s\u00e1bados, das 18 \u00e0s 22 horas, e aos domingos, das 8 \u00e0s 12 horas e das 13h30 \u00e0s 17h30.<\/p>\n<p>A matr\u00edcula e a mensalidade custam R$ 590. Os interessados podem se inscrever pelo\u00a0.<\/p>\n<p>Mais informa\u00e7\u00f5es:\u00a0. <\/p>\n","protected":false},"excerpt":{"rendered":"<p>Ag\u00eancia FAPESP\u00a0\u2013 O XVII Curso de Especializa\u00e7\u00e3o em Interven\u00e7\u00e3o em Neuropediatria, promovido pelo N\u00facleo de Estudos em Neuropediatria e Motricidade (Nenem) da Universidade Federal de S\u00e3o Carlos (UFSCar), recebe inscri\u00e7\u00f5es at\u00e9 9 de mar\u00e7o de 2018. O p\u00fablico-alvo \u00e9 formado por profissionais da Sa\u00fade, como fisioterapeutas, terapeutas ocupacionais, fonoaudi\u00f3logos e m\u00e9dicos pediatras e neuropediatras. Al\u00e9m [&hellip;]<\/p>\n","protected":false},"author":2,"featured_media":36246,"comment_status":"open","ping_status":"closed","sticky":false,"template":"","format":"standard","meta":{"tdm_status":"","tdm_grid_status":"","footnotes":""},"categories":[22,351,370],"tags":[],"class_list":{"0":"post-136656","1":"post","2":"type-post","3":"status-publish","4":"format-standard","5":"has-post-thumbnail","7":"category-brasil","8":"category-cursos","9":"category-inscricao"},"_links":{"self":[{"href":"https:\/\/migracao.redenoticia.com.br\/noticia\/wp-json\/wp\/v2\/posts\/136656","targetHints":{"allow":["GET"]}}],"collection":[{"href":"https:\/\/migracao.redenoticia.com.br\/noticia\/wp-json\/wp\/v2\/posts"}],"about":[{"href":"https:\/\/migracao.redenoticia.com.br\/noticia\/wp-json\/wp\/v2\/types\/post"}],"author":[{"embeddable":true,"href":"https:\/\/migracao.redenoticia.com.br\/noticia\/wp-json\/wp\/v2\/users\/2"}],"replies":[{"embeddable":true,"href":"https:\/\/migracao.redenoticia.com.br\/noticia\/wp-json\/wp\/v2\/comments?post=136656"}],"version-history":[{"count":0,"href":"https:\/\/migracao.redenoticia.com.br\/noticia\/wp-json\/wp\/v2\/posts\/136656\/revisions"}],"wp:featuredmedia":[{"embeddable":true,"href":"https:\/\/migracao.redenoticia.com.br\/noticia\/wp-json\/wp\/v2\/media\/36246"}],"wp:attachment":[{"href":"https:\/\/migracao.redenoticia.com.br\/noticia\/wp-json\/wp\/v2\/media?parent=136656"}],"wp:term":[{"taxonomy":"category","embeddable":true,"href":"https:\/\/migracao.redenoticia.com.br\/noticia\/wp-json\/wp\/v2\/categories?post=136656"},{"taxonomy":"post_tag","embeddable":true,"href":"https:\/\/migracao.redenoticia.com.br\/noticia\/wp-json\/wp\/v2\/tags?post=136656"}],"curies":[{"name":"wp","href":"https:\/\/api.w.org\/{rel}","templated":true}]}}