{"id":136658,"date":"2018-03-08T00:06:14","date_gmt":"2018-03-08T03:06:14","guid":{"rendered":"https:\/\/www.redenoticia.com.br\/noticia\/?p=136658"},"modified":"2018-03-07T15:38:18","modified_gmt":"2018-03-07T18:38:18","slug":"pos-doutorado-em-ictiologia-na-usp-com-bolsa-da-fapesp","status":"publish","type":"post","link":"https:\/\/migracao.redenoticia.com.br\/noticia\/2018\/pos-doutorado-em-ictiologia-na-usp-com-bolsa-da-fapesp\/136658","title":{"rendered":"P\u00f3s-doutorado em ictiologia na USP com Bolsa da FAPESP"},"content":{"rendered":"<p> Ag\u00eancia FAPESP\u00a0\u2013 O Laborat\u00f3rio de Ictiologia do Museu de Zoologia da USP tem uma vaga aberta de <strong><em>p\u00f3s-doutorado<\/em><\/strong>, com Bolsa da FAPESP, junto ao Projeto Tem\u00e1tico \u201c\u201d.\u00a0O prazo de inscri\u00e7\u00f5es termina no dia 15 de mar\u00e7o de 2018.<\/p>\n<p>O bolsista selecionado participar\u00e1 de estudo da musculatura esquel\u00e9tica e suas implica\u00e7\u00f5es para a filogenia dos grandes grupos de peixes el\u00e9tricos sul-americanos. Ser\u00e3o integrados dados morfol\u00f3gicos, moleculares e de padr\u00f5es de descarga de \u00f3rg\u00e3o el\u00e9trico, abordagem multidisciplinar pouco comum em estudos de ictiologia sistem\u00e1tica na Am\u00e9rica do Sul.<\/p>\n<p>O Projeto Tem\u00e1tico \u00e9 coordenado pelo professor\u00a0\u00a0e produz estudos de taxonomia, anatomia comparada, filogeografia, filogenia e modelagem de nicho, documentando v\u00e1rios aspectos da diversidade e hist\u00f3ria evolutiva destes peixes.<\/p>\n<p>Os candidatos devem ter experi\u00eancia em miologia comparada de peixes e an\u00e1lise filogen\u00e9tica computacional de dados morfol\u00f3gicos. Interessados pela oportunidade devem enviar uma breve carta de interesse e curriculum vitae que inclua lista de publica\u00e7\u00f5es para o e-mail do professor\u00a0\u00a0(adatovo@usp.br), que ser\u00e1 o supervisor da pesquisa.<\/p>\n<p>Mais informa\u00e7\u00f5es sobre a vaga est\u00e3o dispon\u00edveis em\u00a0.<\/p>\n<p>A vaga est\u00e1 aberta a brasileiros e estrangeiros. O selecionado receber\u00e1 Bolsa de P\u00f3s-Doutorado da FAPESP no valor de R$ 7.174,80 mensais e Reserva T\u00e9cnica. A Reserva T\u00e9cnica de Bolsa de PD equivale a 15% do valor anual da bolsa e tem o objetivo de atender a despesas imprevistas e diretamente relacionadas \u00e0 atividade de pesquisa.<\/p>\n<p>Caso o bolsista de PD resida em domic\u00edlio diferente e precise se mudar para a cidade onde se localiza a institui\u00e7\u00e3o-sede da pesquisa, poder\u00e1 ter direito a um Aux\u00edlio-Instala\u00e7\u00e3o. Mais informa\u00e7\u00f5es sobre a Bolsa de P\u00f3s-Doutorado da FAPESP est\u00e3o dispon\u00edveis em\u00a0.<\/p>\n<p>Outras vagas de bolsas, em diversas \u00e1reas do conhecimento, est\u00e3o no site FAPESP-Oportunidades, em\u00a0.<\/p>\n","protected":false},"excerpt":{"rendered":"<p>Ag\u00eancia FAPESP\u00a0\u2013 O Laborat\u00f3rio de Ictiologia do Museu de Zoologia da USP tem uma vaga aberta de p\u00f3s-doutorado, com Bolsa da FAPESP, junto ao Projeto Tem\u00e1tico \u201c\u201d.\u00a0O prazo de inscri\u00e7\u00f5es termina no dia 15 de mar\u00e7o de 2018. O bolsista selecionado participar\u00e1 de estudo da musculatura esquel\u00e9tica e suas implica\u00e7\u00f5es para a filogenia dos grandes [&hellip;]<\/p>\n","protected":false},"author":2,"featured_media":37376,"comment_status":"open","ping_status":"closed","sticky":false,"template":"","format":"standard","meta":{"tdm_status":"","tdm_grid_status":"","footnotes":""},"categories":[22,5],"tags":[],"class_list":{"0":"post-136658","1":"post","2":"type-post","3":"status-publish","4":"format-standard","5":"has-post-thumbnail","7":"category-brasil","8":"category-saude-e-vida"},"_links":{"self":[{"href":"https:\/\/migracao.redenoticia.com.br\/noticia\/wp-json\/wp\/v2\/posts\/136658","targetHints":{"allow":["GET"]}}],"collection":[{"href":"https:\/\/migracao.redenoticia.com.br\/noticia\/wp-json\/wp\/v2\/posts"}],"about":[{"href":"https:\/\/migracao.redenoticia.com.br\/noticia\/wp-json\/wp\/v2\/types\/post"}],"author":[{"embeddable":true,"href":"https:\/\/migracao.redenoticia.com.br\/noticia\/wp-json\/wp\/v2\/users\/2"}],"replies":[{"embeddable":true,"href":"https:\/\/migracao.redenoticia.com.br\/noticia\/wp-json\/wp\/v2\/comments?post=136658"}],"version-history":[{"count":0,"href":"https:\/\/migracao.redenoticia.com.br\/noticia\/wp-json\/wp\/v2\/posts\/136658\/revisions"}],"wp:featuredmedia":[{"embeddable":true,"href":"https:\/\/migracao.redenoticia.com.br\/noticia\/wp-json\/wp\/v2\/media\/37376"}],"wp:attachment":[{"href":"https:\/\/migracao.redenoticia.com.br\/noticia\/wp-json\/wp\/v2\/media?parent=136658"}],"wp:term":[{"taxonomy":"category","embeddable":true,"href":"https:\/\/migracao.redenoticia.com.br\/noticia\/wp-json\/wp\/v2\/categories?post=136658"},{"taxonomy":"post_tag","embeddable":true,"href":"https:\/\/migracao.redenoticia.com.br\/noticia\/wp-json\/wp\/v2\/tags?post=136658"}],"curies":[{"name":"wp","href":"https:\/\/api.w.org\/{rel}","templated":true}]}}