{"id":136739,"date":"2018-03-08T16:04:07","date_gmt":"2018-03-08T19:04:07","guid":{"rendered":"https:\/\/www.redenoticia.com.br\/noticia\/?p=136739"},"modified":"2018-03-08T17:09:51","modified_gmt":"2018-03-08T20:09:51","slug":"resumo-novela-chiquititas-09-03-marian-deve-transformar-a-vida-de-mili-em-um-inferno","status":"publish","type":"post","link":"https:\/\/migracao.redenoticia.com.br\/noticia\/2018\/resumo-novela-chiquititas-09-03-marian-deve-transformar-a-vida-de-mili-em-um-inferno\/136739","title":{"rendered":"Resumo novela \u201cChiquititas\u201d 09\/03: Carmen manda Marian irritar Mili"},"content":{"rendered":"<p><img loading=\"lazy\" decoding=\"async\" class=\"alignleft size-thumbnail wp-image-49690\" src=\"https:\/\/migracao.redenoticia.com.br\/noticia\/imagens\/chiquititas1-150x112.jpg\" alt=\"chiquititas\" width=\"150\" height=\"112\" \/><strong><em>Resumo novela \u201cChiquititas\u201d 09\/03<\/em><\/strong>: no cap\u00edtulo 389(*) da novela \u201cChiquititas\u201d, resumo de sexta-feira, 09 de mar\u00e7o, Vivi fala para Bia que \u00e9 muito s\u00e9rio acusar Marian. Cris e Mosca chegam ao Orfanato e falam que os resultados dos exames ainda n\u00e3o sa\u00edram. Tobias est\u00e1 em casa sozinho quando come\u00e7a a ter novas alucina\u00e7\u00f5es com Tom\u00e1s Ferraz. Dr. Fernando fala para Carol que aparentemente n\u00e3o h\u00e1 nenhuma les\u00e3o nos olhos da Mili, mas que precisam aguardar os resultados dos exames. Carmen convida Marian para passar a noite em sua casa e diz que depois ir\u00e1 conversar com Bia. Beto canta uma m\u00fasica em homenagem a \u00c9rika. <\/p>\n<p>Clarita fica incomodada e Francis a observa. Eduarda pega Tobias falando sozinho e pergunta se ele enlouqueceu. Ele diz que est\u00e1 fazendo um ensaio para um teste de elenco. Beto pede \u00c9rika em namoro. Francis pergunta se Clarita est\u00e1 brava com o namoro de Beto e \u00c9rika. Ela nega. Na fazenda, os capangas alimentam Miguel. Eduarda espera Cec\u00edlia chegar e conta que Tobias estava falando sozinho. Ele diz que estava treinando o texto para um comercial. Marian e Carmen tomam caf\u00e9 da manh\u00e3 juntas. Carmen diz que elas precisam tramar um plano para tirar Mili de uma vez por todas do Orfanato. Dr. Fernando d\u00e1 a not\u00edcia de que Mili vai voltar a enxergar, pois os exames n\u00e3o acusaram ferimento algum no globo ocular. Carmen diz que Marian tem que transformar a vida de Mili em um inferno para ela querer ir embora do Orfanato. <\/p>\n<p>Andreia e Diego visitam Junior no escrit\u00f3rio. Andreia convida Junior para ir ao parque. Ele diz que n\u00e3o pode. Andreia n\u00e3o gosta e fala que ele precisa se aproximar do filho. Neco e Maria veem um gato passeando e decidem segui-lo para verem se os olhos que Neco viu na janela da casa de Helena eram os dele. Neco diz que os olhos eram diferentes. Eles v\u00e3o at\u00e9 a casa de Helena e Neco v\u00ea os olhos novamente na janela e v\u00e3o embora correndo. Mili recebe alta. Tati encontra C\u00edcero. Dr. Fernando tira as vendas dos olhos de Mili, mas ela ainda n\u00e3o volta a enxergar. Vivi vai atr\u00e1s de Tati e a encontra com C\u00edcero. Tati apresenta o \u201chomem triste\u201d a Vivi.<\/p>\n<p>(*) edi\u00e7\u00e3o do SBT, Novela \u201cChiquititas\u201d, sujeito a altera\u00e7\u00e3o de data e conte\u00fado.<\/p>\n<p>Chiquititas gira em torno do orfanato Raio de Luz, que carrega em sua hist\u00f3ria um grande segredo envolvendo a fam\u00edlia e o dono do orfanato, Dr. Jos\u00e9 Ricardo Almeida Campos. Em um per\u00edodo anterior \u00e0 novela, exatos treze anos, sua filha Gabriela se apaixonou e ficou gr\u00e1vida de Miguel, filho de Valentina, empregada da casa dos Almeida Campos. Pouco depois, Jos\u00e9 Ricardo sequestrou sua neta, pois, como um homem conservador, ele n\u00e3o aceitava a ideia de que sua filha se envolvesse com um empregado. Como sua neta, Milena, apelidada como Mili, precisava de um lugar para morar, ele comprou um casar\u00e3o e fundou um orfanato, o Raio de Luz. Mili cresceu l\u00e1 com outras garotas que chegaram posteriormente: Bia, Ana, as irm\u00e3s Tati e Vivi, e Cris. Ao decorrer dos anos, elas se tornam uma fam\u00edlia. Elas s\u00e3o supervisionadas por Ernestina, zeladora do orfanato, e Chico, o cozinheiro amado pelas internas. Sofia, ex-governanta da fam\u00edlia Almeida Campos, \u00e9 a diretora do lugar, at\u00e9 que Carmem, irm\u00e3 de Jos\u00e9 Ricardo, entre em seu lugar. Chegam ainda mais \u00f3rf\u00e3os: Pata, Mosca, Binho e Rafa, que viviam nas ruas antes de entrarem na institui\u00e7\u00e3o. Pata e Mili tornam-se amigas rapidamente, enquanto Mosca, Binho e Rafa s\u00e3o os primeiros garotos a entrar no abrigo. As crian\u00e7as sem-teto foram ajudadas por uma doce e bela garota que tocam e mudam a vida delas, assim como as das garotas \u00f3rf\u00e3s.<\/p>\n","protected":false},"excerpt":{"rendered":"<p>Resumo novela \u201cChiquititas\u201d 09\/03: no cap\u00edtulo 389(*) da novela \u201cChiquititas\u201d, resumo de sexta-feira, 09 de mar\u00e7o, Vivi fala para Bia que \u00e9 muito s\u00e9rio acusar Marian. Cris e Mosca chegam ao Orfanato e falam que os resultados dos exames ainda n\u00e3o sa\u00edram. Tobias est\u00e1 em casa sozinho quando come\u00e7a a ter novas alucina\u00e7\u00f5es com Tom\u00e1s [&hellip;]<\/p>\n","protected":false},"author":4,"featured_media":49690,"comment_status":"open","ping_status":"closed","sticky":false,"template":"","format":"standard","meta":{"tdm_status":"","tdm_grid_status":"","footnotes":""},"categories":[409,379,372,343],"tags":[441],"class_list":{"0":"post-136739","1":"post","2":"type-post","3":"status-publish","4":"format-standard","5":"has-post-thumbnail","7":"category-chiquititas","8":"category-novelas","9":"category-sbt","10":"category-televisao","11":"tag-resumo-do-dia"},"_links":{"self":[{"href":"https:\/\/migracao.redenoticia.com.br\/noticia\/wp-json\/wp\/v2\/posts\/136739","targetHints":{"allow":["GET"]}}],"collection":[{"href":"https:\/\/migracao.redenoticia.com.br\/noticia\/wp-json\/wp\/v2\/posts"}],"about":[{"href":"https:\/\/migracao.redenoticia.com.br\/noticia\/wp-json\/wp\/v2\/types\/post"}],"author":[{"embeddable":true,"href":"https:\/\/migracao.redenoticia.com.br\/noticia\/wp-json\/wp\/v2\/users\/4"}],"replies":[{"embeddable":true,"href":"https:\/\/migracao.redenoticia.com.br\/noticia\/wp-json\/wp\/v2\/comments?post=136739"}],"version-history":[{"count":0,"href":"https:\/\/migracao.redenoticia.com.br\/noticia\/wp-json\/wp\/v2\/posts\/136739\/revisions"}],"wp:featuredmedia":[{"embeddable":true,"href":"https:\/\/migracao.redenoticia.com.br\/noticia\/wp-json\/wp\/v2\/media\/49690"}],"wp:attachment":[{"href":"https:\/\/migracao.redenoticia.com.br\/noticia\/wp-json\/wp\/v2\/media?parent=136739"}],"wp:term":[{"taxonomy":"category","embeddable":true,"href":"https:\/\/migracao.redenoticia.com.br\/noticia\/wp-json\/wp\/v2\/categories?post=136739"},{"taxonomy":"post_tag","embeddable":true,"href":"https:\/\/migracao.redenoticia.com.br\/noticia\/wp-json\/wp\/v2\/tags?post=136739"}],"curies":[{"name":"wp","href":"https:\/\/api.w.org\/{rel}","templated":true}]}}