{"id":136763,"date":"2018-03-09T00:04:30","date_gmt":"2018-03-09T03:04:30","guid":{"rendered":"https:\/\/www.redenoticia.com.br\/noticia\/?p=136763"},"modified":"2018-03-08T18:29:26","modified_gmt":"2018-03-08T21:29:26","slug":"primeiro-curso-tecnico-em-producao-de-vidro-do-brasil-e-inaugurado","status":"publish","type":"post","link":"https:\/\/migracao.redenoticia.com.br\/noticia\/2018\/primeiro-curso-tecnico-em-producao-de-vidro-do-brasil-e-inaugurado\/136763","title":{"rendered":"Primeiro curso t\u00e9cnico em produ\u00e7\u00e3o de vidro do Brasil \u00e9 inaugurado"},"content":{"rendered":"<p> Karina Toledo\u00a0 |\u00a0 Ag\u00eancia FAPESP\u00a0\u2013 O primeiro <strong><em>curso t\u00e9cnico de Produ\u00e7\u00e3o de Vidro<\/em><\/strong> do Brasil foi inaugurado em fevereiro, na Escola T\u00e9cnica Estadual (Etec) Presidente Vargas, em Mogi das Cruzes (SP). Idealizada pela equipe do Centro de Pesquisa, Educa\u00e7\u00e3o e Inova\u00e7\u00e3o em Vidros (), a iniciativa se tornou poss\u00edvel gra\u00e7as \u00e0 parceria entre o Centro Paula Souza (CPS), a Associa\u00e7\u00e3o T\u00e9cnica Brasileira das Ind\u00fastrias Autom\u00e1ticas de Vidro (Abividro) e a empresa Nadir Figueiredo, l\u00edder em utens\u00edlios dom\u00e9sticos em vidro no pa\u00eds.<\/p>\n<p>O programa \u00e9 gratuito e oferece 40 vagas no per\u00edodo noturno. A dura\u00e7\u00e3o \u00e9 de 18 meses. A grade curricular inclui aulas te\u00f3ricas e pr\u00e1ticas que visam transmitir no\u00e7\u00f5es b\u00e1sicas sobre o vidro, diferentes processos de produ\u00e7\u00e3o, propriedades f\u00edsicas, t\u00e9cnicas de controle de qualidade e reciclagem \u2013 al\u00e9m de apresentar os alunos aos principais equipamentos usados na ind\u00fastria do setor.<\/p>\n<p>\u201cEsse era um dos carros-chefes do nosso projeto, pois garante a multiplica\u00e7\u00e3o de conhecimento na \u00e1rea e tamb\u00e9m contribui com a ind\u00fastria vidreira, que \u00e9 completamente carente de m\u00e3o de obra qualificada\u201d, disse\u00a0, coordenadora de Educa\u00e7\u00e3o e Difus\u00e3o do CerTEV \u2013 um Centro de Pesquisa, Inova\u00e7\u00e3o e Difus\u00e3o (CEPID) da FAPESP sediado na Universidade Federal de S\u00e3o Carlos (UFSCar) e coordenado pelo professor Edgar Dutra Zanotto.<\/p>\n<p>Al\u00e9m de intermediar os primeiros contatos entre o Centro Paula Souza \u2013 autarquia do governo estadual que administra 221 Etecs e 68 Faculdades de Tecnologia (Fatecs) \u2013 e a Abividro, a equipe do CerTEV auxiliou na elabora\u00e7\u00e3o da grade curricular e na forma\u00e7\u00e3o dos professores. O trabalho contou com a consultoria do engenheiro Mauro Akerman, que tem longa experi\u00eancia na ind\u00fastria vidreira.<\/p>\n<p>\u201cPosteriormente, a Abividro procurou a Nadir Figueiredo. A empresa doou, por meio de um conv\u00eanio firmado com o Centro Paula Souza, R$ 500 mil para reformar o laborat\u00f3rio j\u00e1 existente na Etec Presidente Vargas e comprou alguns equipamentos, entre eles um forno para fus\u00e3o de vidro em escala de laborat\u00f3rio\u201d, contou Rodrigues.<\/p>\n<p>O vestibulinho para o primeiro semestre deste ano teve 158 inscritos \u2013 um \u00edndice de 3,95 candidatos por vaga.<\/p>\n<p>Segundo Rodrigues, o CEPID continuar\u00e1 prestando orienta\u00e7\u00e3o aos professores e estudantes sempre que necess\u00e1rio.<\/p>\n<p>\u201cEste \u00e9 um lindo exemplo de uni\u00e3o de for\u00e7as para a realiza\u00e7\u00e3o de um objetivo comum, e tamb\u00e9m de estreita intera\u00e7\u00e3o academia-empresa. A uni\u00e3o de entidades resultou neste curso in\u00e9dito, que esperamos se espalhe pelo Brasil. Estaremos sempre por perto para dar nossa contribui\u00e7\u00e3o \u00e0 forma\u00e7\u00e3o de professores e estudantes, acompanhando o Centro Paula Souza para que ele desenvolva suas habilidades espec\u00edficas nesse setor\u201d, disse.<\/p>\n<p>Mais informa\u00e7\u00f5es:\u00a0\u00a0e\u00a0. <\/p>\n","protected":false},"excerpt":{"rendered":"<p>Karina Toledo\u00a0 |\u00a0 Ag\u00eancia FAPESP\u00a0\u2013 O primeiro curso t\u00e9cnico de Produ\u00e7\u00e3o de Vidro do Brasil foi inaugurado em fevereiro, na Escola T\u00e9cnica Estadual (Etec) Presidente Vargas, em Mogi das Cruzes (SP). Idealizada pela equipe do Centro de Pesquisa, Educa\u00e7\u00e3o e Inova\u00e7\u00e3o em Vidros (), a iniciativa se tornou poss\u00edvel gra\u00e7as \u00e0 parceria entre o Centro [&hellip;]<\/p>\n","protected":false},"author":2,"featured_media":36246,"comment_status":"open","ping_status":"closed","sticky":false,"template":"","format":"standard","meta":{"tdm_status":"","tdm_grid_status":"","footnotes":""},"categories":[22,351,370],"tags":[],"class_list":{"0":"post-136763","1":"post","2":"type-post","3":"status-publish","4":"format-standard","5":"has-post-thumbnail","7":"category-brasil","8":"category-cursos","9":"category-inscricao"},"_links":{"self":[{"href":"https:\/\/migracao.redenoticia.com.br\/noticia\/wp-json\/wp\/v2\/posts\/136763","targetHints":{"allow":["GET"]}}],"collection":[{"href":"https:\/\/migracao.redenoticia.com.br\/noticia\/wp-json\/wp\/v2\/posts"}],"about":[{"href":"https:\/\/migracao.redenoticia.com.br\/noticia\/wp-json\/wp\/v2\/types\/post"}],"author":[{"embeddable":true,"href":"https:\/\/migracao.redenoticia.com.br\/noticia\/wp-json\/wp\/v2\/users\/2"}],"replies":[{"embeddable":true,"href":"https:\/\/migracao.redenoticia.com.br\/noticia\/wp-json\/wp\/v2\/comments?post=136763"}],"version-history":[{"count":0,"href":"https:\/\/migracao.redenoticia.com.br\/noticia\/wp-json\/wp\/v2\/posts\/136763\/revisions"}],"wp:featuredmedia":[{"embeddable":true,"href":"https:\/\/migracao.redenoticia.com.br\/noticia\/wp-json\/wp\/v2\/media\/36246"}],"wp:attachment":[{"href":"https:\/\/migracao.redenoticia.com.br\/noticia\/wp-json\/wp\/v2\/media?parent=136763"}],"wp:term":[{"taxonomy":"category","embeddable":true,"href":"https:\/\/migracao.redenoticia.com.br\/noticia\/wp-json\/wp\/v2\/categories?post=136763"},{"taxonomy":"post_tag","embeddable":true,"href":"https:\/\/migracao.redenoticia.com.br\/noticia\/wp-json\/wp\/v2\/tags?post=136763"}],"curies":[{"name":"wp","href":"https:\/\/api.w.org\/{rel}","templated":true}]}}