{"id":136774,"date":"2018-03-09T00:06:03","date_gmt":"2018-03-09T03:06:03","guid":{"rendered":"https:\/\/www.redenoticia.com.br\/noticia\/?p=136774"},"modified":"2018-03-08T18:29:43","modified_gmt":"2018-03-08T21:29:43","slug":"pos-doutorado-em-epidemiologia-psiquiatrica-na-usp-com-bolsa-da-fapesp","status":"publish","type":"post","link":"https:\/\/migracao.redenoticia.com.br\/noticia\/2018\/pos-doutorado-em-epidemiologia-psiquiatrica-na-usp-com-bolsa-da-fapesp\/136774","title":{"rendered":"P\u00f3s-doutorado em epidemiologia psiqui\u00e1trica na USP com Bolsa da FAPESP"},"content":{"rendered":"<p> Ag\u00eancia FAPESP\u00a0\u2013 Duas <strong><em>vagas de p\u00f3s-doutorado<\/em><\/strong>, com Bolsa da FAPESP, est\u00e3o dispon\u00edveis na Faculdade de Medicina de Ribeir\u00e3o Preto da USP junto ao Projeto Tem\u00e1tico \u201c\u201d, com apoio da FAPESP e do Sistema Estadual de An\u00e1lise de Dados e coordena\u00e7\u00e3o do professor\u00a0. As inscri\u00e7\u00f5es podem ser feitas at\u00e9 11 de mar\u00e7o de 2018.<\/p>\n<p>O projeto tem como objetivo estimar a mortalidade geral e por grupos de causas espec\u00edficas associadas a diversos transtornos mentais, assim como estimar o excesso de mortalidade associado aos transtornos mentais, por meio da compara\u00e7\u00e3o com a popula\u00e7\u00e3o geral e com grupos controle sem transtornos mentais.<\/p>\n<p>A pesquisa tamb\u00e9m identificar\u00e1 fatores biol\u00f3gicos, cl\u00ednicos e sociais associados a maior risco de \u00f3bito em pessoas com transtornos mentais. Ser\u00e3o utilizados quatro bancos de dados de amostras distintas, provenientes da popula\u00e7\u00e3o pertencente ao 13\u00ba Departamento Regional de Sa\u00fade do Estado de S\u00e3o Paulo, com sede em Ribeir\u00e3o Preto.<\/p>\n<p>Os candidatos devem ter forma\u00e7\u00e3o em \u00e1reas relacionadas \u00e0 sa\u00fade, com doutorado em \u00e1reas afins, como psicologia, psiquiatria, sa\u00fade mental, sa\u00fade p\u00fablica, epidemiologia, sa\u00fade coletiva, entre outras. \u00c9 esperado que os candidatos demonstrem conhecimentos, habilidades e compet\u00eancias em psicopatologia, epidemiologia, inform\u00e1tica, tecnologia da informa\u00e7\u00e3o e na an\u00e1lise e interpreta\u00e7\u00e3o de dados biol\u00f3gicos e psicossociais como fatores de risco para os transtornos mentais.<\/p>\n<p>As inscri\u00e7\u00f5es ser\u00e3o recebidas exclusivamente por e-mail, com documenta\u00e7\u00e3o anexa em formato pdf, e devem ser enviadas para a professora\u00a0\u00a0(delben@fmrp.usp.br), pesquisadora principal do projeto.<\/p>\n<p>Os documentos necess\u00e1rios para a inscri\u00e7\u00e3o s\u00e3o curriculum vitae atualizado, carta de apresenta\u00e7\u00e3o indicando a raz\u00e3o de interesse na bolsa e indica\u00e7\u00e3o de dois pesquisadores ativos como refer\u00eancias e respectivos endere\u00e7os eletr\u00f4nicos para contato.<\/p>\n<p>Mais informa\u00e7\u00f5es sobre a vaga est\u00e3o dispon\u00edveis em\u00a0.<\/p>\n<p>As vagas est\u00e3o abertas a brasileiros e estrangeiros. Os selecionados receber\u00e3o Bolsa de P\u00f3s-Doutorado da FAPESP no valor de R$ 7.174,80 mensais e Reserva T\u00e9cnica. A Reserva T\u00e9cnica de Bolsa de PD equivale a 15% do valor anual da bolsa e tem o objetivo de atender a despesas imprevistas e diretamente relacionadas \u00e0 atividade de pesquisa.<\/p>\n<p>Caso os bolsistas de PD residam em domic\u00edlios diferentes e precisem se mudar para a cidade onde se localiza a institui\u00e7\u00e3o-sede da pesquisa, poder\u00e3o ter direito a um Aux\u00edlio-Instala\u00e7\u00e3o. Mais informa\u00e7\u00f5es sobre a Bolsa de P\u00f3s-Doutorado da FAPESP est\u00e3o dispon\u00edveis em\u00a0.<\/p>\n<p>Outras vagas de bolsas, em diversas \u00e1reas do conhecimento, est\u00e3o no site FAPESP-Oportunidades, em\u00a0.<\/p>\n","protected":false},"excerpt":{"rendered":"<p>Ag\u00eancia FAPESP\u00a0\u2013 Duas vagas de p\u00f3s-doutorado, com Bolsa da FAPESP, est\u00e3o dispon\u00edveis na Faculdade de Medicina de Ribeir\u00e3o Preto da USP junto ao Projeto Tem\u00e1tico \u201c\u201d, com apoio da FAPESP e do Sistema Estadual de An\u00e1lise de Dados e coordena\u00e7\u00e3o do professor\u00a0. As inscri\u00e7\u00f5es podem ser feitas at\u00e9 11 de mar\u00e7o de 2018. O projeto [&hellip;]<\/p>\n","protected":false},"author":2,"featured_media":37376,"comment_status":"open","ping_status":"closed","sticky":false,"template":"","format":"standard","meta":{"tdm_status":"","tdm_grid_status":"","footnotes":""},"categories":[22,370,353],"tags":[],"class_list":{"0":"post-136774","1":"post","2":"type-post","3":"status-publish","4":"format-standard","5":"has-post-thumbnail","7":"category-brasil","8":"category-inscricao","9":"category-oportunidades"},"_links":{"self":[{"href":"https:\/\/migracao.redenoticia.com.br\/noticia\/wp-json\/wp\/v2\/posts\/136774","targetHints":{"allow":["GET"]}}],"collection":[{"href":"https:\/\/migracao.redenoticia.com.br\/noticia\/wp-json\/wp\/v2\/posts"}],"about":[{"href":"https:\/\/migracao.redenoticia.com.br\/noticia\/wp-json\/wp\/v2\/types\/post"}],"author":[{"embeddable":true,"href":"https:\/\/migracao.redenoticia.com.br\/noticia\/wp-json\/wp\/v2\/users\/2"}],"replies":[{"embeddable":true,"href":"https:\/\/migracao.redenoticia.com.br\/noticia\/wp-json\/wp\/v2\/comments?post=136774"}],"version-history":[{"count":0,"href":"https:\/\/migracao.redenoticia.com.br\/noticia\/wp-json\/wp\/v2\/posts\/136774\/revisions"}],"wp:featuredmedia":[{"embeddable":true,"href":"https:\/\/migracao.redenoticia.com.br\/noticia\/wp-json\/wp\/v2\/media\/37376"}],"wp:attachment":[{"href":"https:\/\/migracao.redenoticia.com.br\/noticia\/wp-json\/wp\/v2\/media?parent=136774"}],"wp:term":[{"taxonomy":"category","embeddable":true,"href":"https:\/\/migracao.redenoticia.com.br\/noticia\/wp-json\/wp\/v2\/categories?post=136774"},{"taxonomy":"post_tag","embeddable":true,"href":"https:\/\/migracao.redenoticia.com.br\/noticia\/wp-json\/wp\/v2\/tags?post=136774"}],"curies":[{"name":"wp","href":"https:\/\/api.w.org\/{rel}","templated":true}]}}