{"id":136792,"date":"2018-03-09T12:21:27","date_gmt":"2018-03-09T15:21:27","guid":{"rendered":"https:\/\/www.redenoticia.com.br\/noticia\/?p=136792"},"modified":"2018-03-09T20:54:41","modified_gmt":"2018-03-09T23:54:41","slug":"novela-os-dez-mandamentos-resumo-12-03-apuki-esbraveja-com-odio-de-moises","status":"publish","type":"post","link":"https:\/\/migracao.redenoticia.com.br\/noticia\/2018\/novela-os-dez-mandamentos-resumo-12-03-apuki-esbraveja-com-odio-de-moises\/136792","title":{"rendered":"Novela \u201cOs Dez Mandamentos\u201d resumo 12\/03: Nefertari tenta acalmar Amenhotep"},"content":{"rendered":"<p> <img loading=\"lazy\" decoding=\"async\" src=\"https:\/\/migracao.redenoticia.com.br\/noticia\/imagens\/resumo_novela_os_dez_mandamentos_record-150x112.jpg\" alt=\"\" width=\"150\" height=\"112\" class=\"alignleft size-thumbnail wp-image-68037\" srcset=\"https:\/\/migracao.redenoticia.com.br\/noticia\/imagens\/resumo_novela_os_dez_mandamentos_record-150x112.jpg 150w, https:\/\/migracao.redenoticia.com.br\/noticia\/imagens\/resumo_novela_os_dez_mandamentos_record-265x198.jpg 265w\" sizes=\"auto, (max-width: 150px) 100vw, 150px\" \/><em><strong>Novela \u201cOs Dez Mandamentos\u201d resumo 12\/03<\/strong><\/em>: no capitulo 165 (*) da novela \u201cOs Dez Mandamentos\u201d, segunda-feira, 12 de mar\u00e7o, nervoso, Rams\u00e9s diz a Nefertari que n\u00e3o ir\u00e1 ceder. Ana e Oseias se encontram e se abra\u00e7am aliviados, mas Ana segue preocupada com Judite. Chuva de granizo come\u00e7a a atingir fortemente o solo eg\u00edpcio. De repente meteoros come\u00e7am a cair do c\u00e9u e focos de inc\u00eandio se espalham, inclusive no pal\u00e1cio. As casas dos eg\u00edpcios come\u00e7am a ser atingidas por bolas de fogo e o desespero se espalha. Rams\u00e9s decide ir at\u00e9 o terra\u00e7o do pal\u00e1cio para saber o que est\u00e1 acontecendo. Nefertari tanta ir atr\u00e1s dele, mas \u00e9 impedida pelo fara\u00f3. Yunet anda apavorada pelas ruas a procura de um abrigo. Rams\u00e9s observa a cidade ser destru\u00edda e fica apavorado. Uma pedra cai sobre a perna de Yunet e a deixa ferida.<\/p>\n<p>Desesperada sob a chuva de granizo, Yunet grita por socorro, mas n\u00e3o \u00e9 amparada por ningu\u00e9m. Sem saber o que fazer, Rams\u00e9s fica transtornado com a destrui\u00e7\u00e3o da cidade. Nefertari tenta acalmar o filho Amenhotep. Pedras em chamas caem do c\u00e9u e camponeses eg\u00edpcios s\u00e3o atingidos. Em meio \u00e0 chuva de fogo, Apuki e Jairo correm tentando salvar suas vidas. Rams\u00e9s ordena que tragam Mois\u00e9s e Ar\u00e3o ao pal\u00e1cio. Cor\u00e1 conta para Bina que viu Yunet andando maltrapilha pela cidade. O general Bakenmut ordena que Asheru acompanhe Ikeni na busca por Mois\u00e9s e Ar\u00e3o. Uri se mostra descrente em Deus. Antes de deixar o pal\u00e1cio, Ikeni se despede de Karoma e Peppy.<\/p>\n<p>Aoliabe pro\u00edbe Bak de sair de casa para visitar os irm\u00e3os durante a tempestade. Ikeni e Asheru deixam o pal\u00e1cio em busca do libertador e seu irm\u00e3o. Apuki e Judite se preocupam ao notarem que Ana n\u00e3o est\u00e1 em casa. Oseias, Zelofeade, Leila e outros escravos percebem que o mau tempo n\u00e3o atingiu o c\u00e9u sobre a Vila dos hebreus. Ikeni, Asheru e outro oficial correm para n\u00e3o serem atingidos. Todos na casa de Ar\u00e3o ficam aliviados e emocionados por Joquebede e Eleazar n\u00e3o terem sido executados.<\/p>\n<p>Ikeni lidera os oficias e eles seguem na miss\u00e3o. Miri\u00e3 agradece a Deus e pede prote\u00e7\u00e3o para os irm\u00e3os. Os oficiais eg\u00edpcios finalmente avistam Mois\u00e9s e Ar\u00e3o no alto do monte. Rams\u00e9s encontra com a esposa e o filho e avisa que mandou chamar Mois\u00e9s e Ar\u00e3o. Ikeni avisa a Mois\u00e9s que Joquebede n\u00e3o foi executada. Aliviado, o profeta aceita acompanhar os soldados at\u00e9 o pal\u00e1cio. Eldade se espanta com tanta destrui\u00e7\u00e3o. Casas s\u00e3o arruinadas enquanto eg\u00edpcios correm para salvar suas vidas. O fogo atinge a fachada da Casa de Senet. Mois\u00e9s, Ar\u00e3o e os oficiais caminham de volta ao pal\u00e1cio. Ikeni fica surpreso ao notar que nada atinge os hebreus.<\/p>\n<p>(*) edi\u00e7\u00e3o da Rede Record, Novela \u201cOs Dez Mandamentos\u201d, sujeito a altera\u00e7\u00e3o de data e conte\u00fado.<\/p>\n<p>\u201cOs Dez Mandamentos\u201d \u00e9 uma telenovela brasileira produzida e exibida pela RecordTV, tendo sua primeira temporada exibida entre 23 de mar\u00e7o e 23 de novembro de 2015 em 176 cap\u00edtulos, substituindo Vit\u00f3ria, e sendo substitu\u00edda pela reprise de Rei Davi. A segunda temporada foi produzida pela Casablanca e exibida de 04 de abril a 04 de julho de 2016 em 66 cap\u00edtulos, substituindo a reprise de Sans\u00e3o e Dalila e sendo substitu\u00edda por A Terra Prometida. <\/p>\n","protected":false},"excerpt":{"rendered":"<p>Novela \u201cOs Dez Mandamentos\u201d resumo 12\/03: no capitulo 165 (*) da novela \u201cOs Dez Mandamentos\u201d, segunda-feira, 12 de mar\u00e7o, nervoso, Rams\u00e9s diz a Nefertari que n\u00e3o ir\u00e1 ceder. Ana e Oseias se encontram e se abra\u00e7am aliviados, mas Ana segue preocupada com Judite. Chuva de granizo come\u00e7a a atingir fortemente o solo eg\u00edpcio. De repente [&hellip;]<\/p>\n","protected":false},"author":2,"featured_media":68037,"comment_status":"open","ping_status":"closed","sticky":false,"template":"","format":"standard","meta":{"tdm_status":"","tdm_grid_status":"","footnotes":""},"categories":[379,424,371,343],"tags":[441],"class_list":{"0":"post-136792","1":"post","2":"type-post","3":"status-publish","4":"format-standard","5":"has-post-thumbnail","7":"category-novelas","8":"category-os-dez-mandamentos","9":"category-rede-record","10":"category-televisao","11":"tag-resumo-do-dia"},"_links":{"self":[{"href":"https:\/\/migracao.redenoticia.com.br\/noticia\/wp-json\/wp\/v2\/posts\/136792","targetHints":{"allow":["GET"]}}],"collection":[{"href":"https:\/\/migracao.redenoticia.com.br\/noticia\/wp-json\/wp\/v2\/posts"}],"about":[{"href":"https:\/\/migracao.redenoticia.com.br\/noticia\/wp-json\/wp\/v2\/types\/post"}],"author":[{"embeddable":true,"href":"https:\/\/migracao.redenoticia.com.br\/noticia\/wp-json\/wp\/v2\/users\/2"}],"replies":[{"embeddable":true,"href":"https:\/\/migracao.redenoticia.com.br\/noticia\/wp-json\/wp\/v2\/comments?post=136792"}],"version-history":[{"count":0,"href":"https:\/\/migracao.redenoticia.com.br\/noticia\/wp-json\/wp\/v2\/posts\/136792\/revisions"}],"wp:featuredmedia":[{"embeddable":true,"href":"https:\/\/migracao.redenoticia.com.br\/noticia\/wp-json\/wp\/v2\/media\/68037"}],"wp:attachment":[{"href":"https:\/\/migracao.redenoticia.com.br\/noticia\/wp-json\/wp\/v2\/media?parent=136792"}],"wp:term":[{"taxonomy":"category","embeddable":true,"href":"https:\/\/migracao.redenoticia.com.br\/noticia\/wp-json\/wp\/v2\/categories?post=136792"},{"taxonomy":"post_tag","embeddable":true,"href":"https:\/\/migracao.redenoticia.com.br\/noticia\/wp-json\/wp\/v2\/tags?post=136792"}],"curies":[{"name":"wp","href":"https:\/\/api.w.org\/{rel}","templated":true}]}}