{"id":1368,"date":"2009-05-08T00:24:40","date_gmt":"2009-05-08T04:24:40","guid":{"rendered":"http:\/\/www.redenoticia.com.br\/noticia\/?p=1368"},"modified":"2009-05-08T00:24:40","modified_gmt":"2009-05-08T04:24:40","slug":"empresario-enaltece-patriotismo","status":"publish","type":"post","link":"https:\/\/migracao.redenoticia.com.br\/noticia\/2009\/empresario-enaltece-patriotismo\/1368","title":{"rendered":"Empres\u00e1rio enaltece patriotismo"},"content":{"rendered":"<p>O empres\u00e1rio de Ji-Paran\u00e1, Claudemir Miranda, instalou uma gigantesca Bandeira do Brasil em sua empresa para enaltecer o patriotismo. Para ele e para os colaboradores a bandeira \u00e9 motivo de muito orgulho.<\/p>\n<p>A bandeira que mede 6,80 por 4,70 metros tornou-se ponto de refer\u00eancia e pode ser vista de v\u00e1rios pontos da cidade.<\/p>\n<p>Segundo o empres\u00e1rio, o grande desafio foi transportar e intalar o mastro da bandeira com seguran\u00e7a, mas valeu a pena.<\/p>\n","protected":false},"excerpt":{"rendered":"<p>O empres\u00e1rio de Ji-Paran\u00e1, Claudemir Miranda, instalou uma gigantesca Bandeira do Brasil em sua empresa para enaltecer o patriotismo. Para ele e para os colaboradores a bandeira \u00e9 motivo de muito orgulho. A bandeira que mede 6,80 por 4,70 metros tornou-se ponto de refer\u00eancia e pode ser vista de v\u00e1rios pontos da cidade. Segundo o [&hellip;]<\/p>\n","protected":false},"author":3,"featured_media":0,"comment_status":"open","ping_status":"open","sticky":false,"template":"","format":"standard","meta":{"tdm_status":"","tdm_grid_status":"","footnotes":""},"categories":[22],"tags":[],"class_list":{"0":"post-1368","1":"post","2":"type-post","3":"status-publish","4":"format-standard","6":"category-brasil"},"_links":{"self":[{"href":"https:\/\/migracao.redenoticia.com.br\/noticia\/wp-json\/wp\/v2\/posts\/1368","targetHints":{"allow":["GET"]}}],"collection":[{"href":"https:\/\/migracao.redenoticia.com.br\/noticia\/wp-json\/wp\/v2\/posts"}],"about":[{"href":"https:\/\/migracao.redenoticia.com.br\/noticia\/wp-json\/wp\/v2\/types\/post"}],"author":[{"embeddable":true,"href":"https:\/\/migracao.redenoticia.com.br\/noticia\/wp-json\/wp\/v2\/users\/3"}],"replies":[{"embeddable":true,"href":"https:\/\/migracao.redenoticia.com.br\/noticia\/wp-json\/wp\/v2\/comments?post=1368"}],"version-history":[{"count":0,"href":"https:\/\/migracao.redenoticia.com.br\/noticia\/wp-json\/wp\/v2\/posts\/1368\/revisions"}],"wp:attachment":[{"href":"https:\/\/migracao.redenoticia.com.br\/noticia\/wp-json\/wp\/v2\/media?parent=1368"}],"wp:term":[{"taxonomy":"category","embeddable":true,"href":"https:\/\/migracao.redenoticia.com.br\/noticia\/wp-json\/wp\/v2\/categories?post=1368"},{"taxonomy":"post_tag","embeddable":true,"href":"https:\/\/migracao.redenoticia.com.br\/noticia\/wp-json\/wp\/v2\/tags?post=1368"}],"curies":[{"name":"wp","href":"https:\/\/api.w.org\/{rel}","templated":true}]}}