{"id":136942,"date":"2018-03-12T12:09:37","date_gmt":"2018-03-12T15:09:37","guid":{"rendered":"https:\/\/www.redenoticia.com.br\/noticia\/?p=136942"},"modified":"2018-03-11T21:10:27","modified_gmt":"2018-03-12T00:10:27","slug":"novela-os-dez-mandamentos-resumo-13-03-moises-retorna-para-vila-dos-hebreus","status":"publish","type":"post","link":"https:\/\/migracao.redenoticia.com.br\/noticia\/2018\/novela-os-dez-mandamentos-resumo-13-03-moises-retorna-para-vila-dos-hebreus\/136942","title":{"rendered":"Novela \u201cOs Dez Mandamentos\u201d resumo 13\/03: Mois\u00e9s retorna para vila dos hebreus"},"content":{"rendered":"<p> <img loading=\"lazy\" decoding=\"async\" src=\"https:\/\/migracao.redenoticia.com.br\/noticia\/imagens\/resumo_novela_os_dez_mandamentos_record-150x112.jpg\" alt=\"\" width=\"150\" height=\"112\" class=\"alignleft size-thumbnail wp-image-68037\" srcset=\"https:\/\/migracao.redenoticia.com.br\/noticia\/imagens\/resumo_novela_os_dez_mandamentos_record-150x112.jpg 150w, https:\/\/migracao.redenoticia.com.br\/noticia\/imagens\/resumo_novela_os_dez_mandamentos_record-265x198.jpg 265w\" sizes=\"auto, (max-width: 150px) 100vw, 150px\" \/><em><strong>Novela \u201cOs Dez Mandamentos\u201d resumo 13\/03<\/strong><\/em>: no capitulo 166 (*) da novela \u201cOs Dez Mandamentos\u201d, ter\u00e7a-feira, 13 de mar\u00e7o, Mois\u00e9s e Ar\u00e3o descem do monte e retornam \u00e0 vila dos hebreus. Cor\u00e1 discute com os filhos e diz para que eles n\u00e3o acreditem nas palavras de Joquebede e Mois\u00e9s. Bezalel e Leila se mostram preocupados com Uri e os outros amigos do pal\u00e1cio. Ana e Oseias continuam procurando por Judite e se abra\u00e7am apaixonados. Ikeni descobre que Yunet saiu da cela e se preocupa com a rea\u00e7\u00e3o que o fara\u00f3 ter\u00e1 quando descobrir a fuga. Ikeni avisa Rams\u00e9s que Yunet saiu e Paser diz que viu o corpo da vil\u00e3 na cidade. Rams\u00e9s ordena que os corpos dos eg\u00edpcios nobres sejam embalsamados e os demais enterrados no deserto. Dat\u00e3 teme pela retalia\u00e7\u00e3o de Rams\u00e9s com o povo hebreu. Ana conta a Apuki que a vila dos hebreus n\u00e3o foi atingida pela tempestade e o deixa surpreso.<\/p>\n<p>Meketre diz a Tais que a cidade est\u00e1 um caos e diz acreditar que talvez o Egito n\u00e3o consiga se recuperar. Preocupado com a filha, Paser conta para a princesa sobre a morte de Yunet. A princesa se revolta dizendo que Mois\u00e9s salvou a vida de Joquebede e levou a de sua m\u00e3e por vingan\u00e7a. Bakenmut diz a Ikeni que Rams\u00e9s prometeu a Mois\u00e9s que libertaria os escravos caso a tempestade terminasse. O fara\u00f3 organiza uma incurs\u00e3o \u00e0 cidade para avaliar os estragos e \u00e9 acompanho pelos generais. Os hebreus temem por uma retalia\u00e7\u00e3o dos eg\u00edpcios. Nadabe, Abiu e Itamar retornar da cidade e dizem aos demais hebreus que o estrago foi muito grande. Mois\u00e9s e Ar\u00e3o retornam para casa para al\u00edvio de toda a fam\u00edlia. <\/p>\n<p>Mois\u00e9s a Ar\u00e3o contam para os hebreus que o fara\u00f3 decidiu libert\u00e1-los deixando todos radiantes. Rams\u00e9s e Nefertari conversam e ele diz que n\u00e3o suportaria perder a mulher e o filho. Simut diz a Paser que n\u00e3o quer mais ser sacerdote uma vez que os deuses eg\u00edpcios n\u00e3o fizeram nada para proteg\u00ea-los. Miri\u00e3 comp\u00f5e uma m\u00fasica em hebraico e surpreende Oseias. Mois\u00e9s diz para Joquebede que pretende buscar sua fam\u00edlia em Midi\u00e3. Joquebede diz que sente muito orgulho de Mois\u00e9s e Ar\u00e3o e deixa o libertador emocionado. <\/p>\n<p>(*) edi\u00e7\u00e3o da Rede Record, Novela \u201cOs Dez Mandamentos\u201d, sujeito a altera\u00e7\u00e3o de data e conte\u00fado.<\/p>\n<p>\u201cOs Dez Mandamentos\u201d \u00e9 uma telenovela brasileira produzida e exibida pela RecordTV, tendo sua primeira temporada exibida entre 23 de mar\u00e7o e 23 de novembro de 2015 em 176 cap\u00edtulos, substituindo Vit\u00f3ria, e sendo substitu\u00edda pela reprise de Rei Davi. A segunda temporada foi produzida pela Casablanca e exibida de 04 de abril a 04 de julho de 2016 em 66 cap\u00edtulos, substituindo a reprise de Sans\u00e3o e Dalila e sendo substitu\u00edda por A Terra Prometida.<\/p>\n","protected":false},"excerpt":{"rendered":"<p>Novela \u201cOs Dez Mandamentos\u201d resumo 13\/03: no capitulo 166 (*) da novela \u201cOs Dez Mandamentos\u201d, ter\u00e7a-feira, 13 de mar\u00e7o, Mois\u00e9s e Ar\u00e3o descem do monte e retornam \u00e0 vila dos hebreus. Cor\u00e1 discute com os filhos e diz para que eles n\u00e3o acreditem nas palavras de Joquebede e Mois\u00e9s. Bezalel e Leila se mostram preocupados [&hellip;]<\/p>\n","protected":false},"author":2,"featured_media":68037,"comment_status":"open","ping_status":"closed","sticky":false,"template":"","format":"standard","meta":{"tdm_status":"","tdm_grid_status":"","footnotes":""},"categories":[379,424,371,343],"tags":[441],"class_list":{"0":"post-136942","1":"post","2":"type-post","3":"status-publish","4":"format-standard","5":"has-post-thumbnail","7":"category-novelas","8":"category-os-dez-mandamentos","9":"category-rede-record","10":"category-televisao","11":"tag-resumo-do-dia"},"_links":{"self":[{"href":"https:\/\/migracao.redenoticia.com.br\/noticia\/wp-json\/wp\/v2\/posts\/136942","targetHints":{"allow":["GET"]}}],"collection":[{"href":"https:\/\/migracao.redenoticia.com.br\/noticia\/wp-json\/wp\/v2\/posts"}],"about":[{"href":"https:\/\/migracao.redenoticia.com.br\/noticia\/wp-json\/wp\/v2\/types\/post"}],"author":[{"embeddable":true,"href":"https:\/\/migracao.redenoticia.com.br\/noticia\/wp-json\/wp\/v2\/users\/2"}],"replies":[{"embeddable":true,"href":"https:\/\/migracao.redenoticia.com.br\/noticia\/wp-json\/wp\/v2\/comments?post=136942"}],"version-history":[{"count":0,"href":"https:\/\/migracao.redenoticia.com.br\/noticia\/wp-json\/wp\/v2\/posts\/136942\/revisions"}],"wp:featuredmedia":[{"embeddable":true,"href":"https:\/\/migracao.redenoticia.com.br\/noticia\/wp-json\/wp\/v2\/media\/68037"}],"wp:attachment":[{"href":"https:\/\/migracao.redenoticia.com.br\/noticia\/wp-json\/wp\/v2\/media?parent=136942"}],"wp:term":[{"taxonomy":"category","embeddable":true,"href":"https:\/\/migracao.redenoticia.com.br\/noticia\/wp-json\/wp\/v2\/categories?post=136942"},{"taxonomy":"post_tag","embeddable":true,"href":"https:\/\/migracao.redenoticia.com.br\/noticia\/wp-json\/wp\/v2\/tags?post=136942"}],"curies":[{"name":"wp","href":"https:\/\/api.w.org\/{rel}","templated":true}]}}