{"id":136976,"date":"2018-03-12T18:02:44","date_gmt":"2018-03-12T21:02:44","guid":{"rendered":"https:\/\/www.redenoticia.com.br\/noticia\/?p=136976"},"modified":"2018-03-12T18:02:44","modified_gmt":"2018-03-12T21:02:44","slug":"resumo-novela-chiquititas-13-03-mosca-se-declara-para-mili","status":"publish","type":"post","link":"https:\/\/migracao.redenoticia.com.br\/noticia\/2018\/resumo-novela-chiquititas-13-03-mosca-se-declara-para-mili\/136976","title":{"rendered":"Resumo novela \u201cChiquititas\u201d 13\/03: Mosca se declara para Mili"},"content":{"rendered":"<p> <img loading=\"lazy\" decoding=\"async\" class=\"alignleft size-thumbnail wp-image-49690\" src=\"https:\/\/migracao.redenoticia.com.br\/noticia\/imagens\/chiquititas1-150x112.jpg\" alt=\"chiquititas\" width=\"150\" height=\"112\" \/><strong><em>Resumo novela \u201cChiquititas\u201d 13\/03<\/em><\/strong>: no cap\u00edtulo 391(*) da novela \u201cChiquititas\u201d, resumo de ter\u00e7a-feira, 13 de mar\u00e7o, Marian joga bolinhas de gude no ch\u00e3o do quarto das meninas, pr\u00f3ximo a cama de Mili. Os pequenos entram na casa de Helena pela janela. Neco fica do lado de fora para tomar conta. As crian\u00e7as escutam um barulho e notam que uma das portas foi trancada. Helena volta pra casa e flagra as crian\u00e7as. A mulher grita e diz que eles ir\u00e3o se arrepender por terem invadido mais uma vez sua casa. Mili escorrega ao pisar nas bolinhas de gude e cai no ch\u00e3o. Cris diz que foi Marian. Carmen aproveita a situa\u00e7\u00e3o para dizer para Carol que Mili precisa ir para um instituto de cegos. Helena leva Carmen e Carol at\u00e9 a sala e conta que as crian\u00e7as invadiram sua casa pela segunda vez. <\/p>\n<p>Carmen grita, diz que Carol \u00e9 incompetente e aplica castigo nas crian\u00e7as, que durante uma semana est\u00e3o proibidas de sair na rua. Carmen diz que Helena ainda pode aplicar castigo que quiser e que Carol n\u00e3o poder\u00e1 intervir. O \u00fanico que n\u00e3o foi castigado \u00e9 Neco, pois Helena n\u00e3o havia visto o menino. Na cadeia, Chico visita Matilde, pensando que ela \u00e9 Ernestina. Carmen fala sozinha com Mili e diz que ela deveria ir para um instituto de cegos para n\u00e3o ser um peso para seus amigos. <\/p>\n<p>Carol entra no quarto e ao saber o teor da conversa diz que n\u00e3o acredita que Carmen esteja insistindo no assunto. Mosca pensa em se declarar para Mili e assim dar um apoio para ela. Pata ajuda Mili a treinar para fazer as coisas do dia-a-dia. Mosca se declara para Mili e diz que n\u00e3o entende o motivo que ela se distanciou dele. Mili diz que havia enviado uma carta pra ele, que n\u00e3o respondeu (na \u00e9poca Marian tirou a carta de Mili da cama de Mosca antes que o menino tivesse lido). Mili diz que Mosca est\u00e1 com pena dela e nessa situa\u00e7\u00e3o n\u00e3o podem ficar juntos.<\/p>\n<p>(*) edi\u00e7\u00e3o do SBT, Novela \u201cChiquititas\u201d, sujeito a altera\u00e7\u00e3o de data e conte\u00fado. <\/p>\n<p>Chiquititas gira em torno do orfanato Raio de Luz, que carrega em sua hist\u00f3ria um grande segredo envolvendo a fam\u00edlia e o dono do orfanato, Dr. Jos\u00e9 Ricardo Almeida Campos. Em um per\u00edodo anterior \u00e0 novela, exatos treze anos, sua filha Gabriela se apaixonou e ficou gr\u00e1vida de Miguel, filho de Valentina, empregada da casa dos Almeida Campos. Pouco depois, Jos\u00e9 Ricardo sequestrou sua neta, pois, como um homem conservador, ele n\u00e3o aceitava a ideia de que sua filha se envolvesse com um empregado. Como sua neta, Milena, apelidada como Mili, precisava de um lugar para morar, ele comprou um casar\u00e3o e fundou um orfanato, o Raio de Luz. <\/p>\n<p>Mili cresceu l\u00e1 com outras garotas que chegaram posteriormente: Bia, Ana, as irm\u00e3s Tati e Vivi, e Cris. Ao decorrer dos anos, elas se tornam uma fam\u00edlia. Elas s\u00e3o supervisionadas por Ernestina, zeladora do orfanato, e Chico, o cozinheiro amado pelas internas. Sofia, ex-governanta da fam\u00edlia Almeida Campos, \u00e9 a diretora do lugar, at\u00e9 que Carmem, irm\u00e3 de Jos\u00e9 Ricardo, entre em seu lugar. Chegam ainda mais \u00f3rf\u00e3os: Pata, Mosca, Binho e Rafa, que viviam nas ruas antes de entrarem na institui\u00e7\u00e3o. Pata e Mili tornam-se amigas rapidamente, enquanto Mosca, Binho e Rafa s\u00e3o os primeiros garotos a entrar no abrigo. As crian\u00e7as sem-teto foram ajudadas por uma doce e bela garota que tocam e mudam a vida delas, assim como as das garotas \u00f3rf\u00e3s.<\/p>\n","protected":false},"excerpt":{"rendered":"<p>Resumo novela \u201cChiquititas\u201d 13\/03: no cap\u00edtulo 391(*) da novela \u201cChiquititas\u201d, resumo de ter\u00e7a-feira, 13 de mar\u00e7o, Marian joga bolinhas de gude no ch\u00e3o do quarto das meninas, pr\u00f3ximo a cama de Mili. Os pequenos entram na casa de Helena pela janela. Neco fica do lado de fora para tomar conta. As crian\u00e7as escutam um barulho [&hellip;]<\/p>\n","protected":false},"author":2,"featured_media":49690,"comment_status":"open","ping_status":"closed","sticky":false,"template":"","format":"standard","meta":{"tdm_status":"","tdm_grid_status":"","footnotes":""},"categories":[409,379,372,343],"tags":[441],"class_list":{"0":"post-136976","1":"post","2":"type-post","3":"status-publish","4":"format-standard","5":"has-post-thumbnail","7":"category-chiquititas","8":"category-novelas","9":"category-sbt","10":"category-televisao","11":"tag-resumo-do-dia"},"_links":{"self":[{"href":"https:\/\/migracao.redenoticia.com.br\/noticia\/wp-json\/wp\/v2\/posts\/136976","targetHints":{"allow":["GET"]}}],"collection":[{"href":"https:\/\/migracao.redenoticia.com.br\/noticia\/wp-json\/wp\/v2\/posts"}],"about":[{"href":"https:\/\/migracao.redenoticia.com.br\/noticia\/wp-json\/wp\/v2\/types\/post"}],"author":[{"embeddable":true,"href":"https:\/\/migracao.redenoticia.com.br\/noticia\/wp-json\/wp\/v2\/users\/2"}],"replies":[{"embeddable":true,"href":"https:\/\/migracao.redenoticia.com.br\/noticia\/wp-json\/wp\/v2\/comments?post=136976"}],"version-history":[{"count":0,"href":"https:\/\/migracao.redenoticia.com.br\/noticia\/wp-json\/wp\/v2\/posts\/136976\/revisions"}],"wp:featuredmedia":[{"embeddable":true,"href":"https:\/\/migracao.redenoticia.com.br\/noticia\/wp-json\/wp\/v2\/media\/49690"}],"wp:attachment":[{"href":"https:\/\/migracao.redenoticia.com.br\/noticia\/wp-json\/wp\/v2\/media?parent=136976"}],"wp:term":[{"taxonomy":"category","embeddable":true,"href":"https:\/\/migracao.redenoticia.com.br\/noticia\/wp-json\/wp\/v2\/categories?post=136976"},{"taxonomy":"post_tag","embeddable":true,"href":"https:\/\/migracao.redenoticia.com.br\/noticia\/wp-json\/wp\/v2\/tags?post=136976"}],"curies":[{"name":"wp","href":"https:\/\/api.w.org\/{rel}","templated":true}]}}