{"id":136992,"date":"2018-03-13T00:04:04","date_gmt":"2018-03-13T03:04:04","guid":{"rendered":"https:\/\/www.redenoticia.com.br\/noticia\/?p=136992"},"modified":"2018-03-12T19:08:12","modified_gmt":"2018-03-12T22:08:12","slug":"icmc-usp-contrata-professor-temporario-para-a-area-de-otimizacao","status":"publish","type":"post","link":"https:\/\/migracao.redenoticia.com.br\/noticia\/2018\/icmc-usp-contrata-professor-temporario-para-a-area-de-otimizacao\/136992","title":{"rendered":"ICMC-USP contrata professor tempor\u00e1rio para a \u00e1rea de otimiza\u00e7\u00e3o"},"content":{"rendered":"<p> Ag\u00eancia FAPESP\u00a0\u2013 O Instituto de Ci\u00eancias Matem\u00e1ticas e de Computa\u00e7\u00e3o (ICMC) da USP, em S\u00e3o Carlos, est\u00e1 com inscri\u00e7\u00f5es abertas no processo seletivo para contrata\u00e7\u00e3o de um <strong><em>docente tempor\u00e1rio na \u00e1rea de otimiza\u00e7\u00e3o<\/em><\/strong>. O professor atuar\u00e1 no Departamento de Matem\u00e1tica Aplicada e Estat\u00edstica e ser\u00e1 contratado para jornada de 12 horas semanais e sal\u00e1rio de R$ 1.849,66 (para o contratado com t\u00edtulo de doutor) ou R$ 1.322,41 (com t\u00edtulo de mestre).<\/p>\n<p>Os pedidos de inscri\u00e7\u00e3o dever\u00e3o ser feitos at\u00e9 14 de mar\u00e7o de 2018, por meio do site\u00a0, devendo o candidato anexar requerimento dirigido ao diretor do ICMC, contendo dados pessoais, acompanhado do documento de identifica\u00e7\u00e3o (RG, RNE ou passaporte), CPF e prova de que \u00e9 portador do t\u00edtulo de doutor (para professor contratado III) ou mestre (para professor contratado II), outorgado ou reconhecido pela USP ou de validade nacional.<\/p>\n<p>O processo seletivo ser\u00e1 feito por meio de avalia\u00e7\u00f5es sucessivas de candidatos, agrupados em conformidade com a titula\u00e7\u00e3o. Haver\u00e1 aplica\u00e7\u00e3o de duas provas, uma escrita e outra did\u00e1tica. Ambas cobrar\u00e3o o seguinte programa: 1) Modelagem de problemas de otimiza\u00e7\u00e3o linear; 2) Teoria da programa\u00e7\u00e3o linear e m\u00e9todo simplex; 3) Inicializa\u00e7\u00e3o do m\u00e9todo simplex; 4) Dualidade em programa\u00e7\u00e3o linear; 5) Modelagem de problemas de otimiza\u00e7\u00e3o linear com vari\u00e1veis inteiras; 6) Relaxa\u00e7\u00e3o Linear, Lagrangiana e Combinatorial; 7) M\u00e9todo\u00a0branch-and-bound; 8) M\u00e9todo de plano de cortes; 9) Heur\u00edsticas construtivas e busca local; 10) Solu\u00e7\u00e3o de Sistemas Lineares: m\u00e9todos diretos e iterativos.<\/p>\n<p>O contratado poder\u00e1 ministrar aula nos per\u00edodos diurno e noturno, dependendo das necessidades do departamento.<\/p>\n<p>Mais informa\u00e7\u00f5es:\u00a0.<\/p>\n","protected":false},"excerpt":{"rendered":"<p>Ag\u00eancia FAPESP\u00a0\u2013 O Instituto de Ci\u00eancias Matem\u00e1ticas e de Computa\u00e7\u00e3o (ICMC) da USP, em S\u00e3o Carlos, est\u00e1 com inscri\u00e7\u00f5es abertas no processo seletivo para contrata\u00e7\u00e3o de um docente tempor\u00e1rio na \u00e1rea de otimiza\u00e7\u00e3o. O professor atuar\u00e1 no Departamento de Matem\u00e1tica Aplicada e Estat\u00edstica e ser\u00e1 contratado para jornada de 12 horas semanais e sal\u00e1rio de [&hellip;]<\/p>\n","protected":false},"author":2,"featured_media":36246,"comment_status":"open","ping_status":"closed","sticky":false,"template":"","format":"standard","meta":{"tdm_status":"","tdm_grid_status":"","footnotes":""},"categories":[22,370,353],"tags":[],"class_list":{"0":"post-136992","1":"post","2":"type-post","3":"status-publish","4":"format-standard","5":"has-post-thumbnail","7":"category-brasil","8":"category-inscricao","9":"category-oportunidades"},"_links":{"self":[{"href":"https:\/\/migracao.redenoticia.com.br\/noticia\/wp-json\/wp\/v2\/posts\/136992","targetHints":{"allow":["GET"]}}],"collection":[{"href":"https:\/\/migracao.redenoticia.com.br\/noticia\/wp-json\/wp\/v2\/posts"}],"about":[{"href":"https:\/\/migracao.redenoticia.com.br\/noticia\/wp-json\/wp\/v2\/types\/post"}],"author":[{"embeddable":true,"href":"https:\/\/migracao.redenoticia.com.br\/noticia\/wp-json\/wp\/v2\/users\/2"}],"replies":[{"embeddable":true,"href":"https:\/\/migracao.redenoticia.com.br\/noticia\/wp-json\/wp\/v2\/comments?post=136992"}],"version-history":[{"count":0,"href":"https:\/\/migracao.redenoticia.com.br\/noticia\/wp-json\/wp\/v2\/posts\/136992\/revisions"}],"wp:featuredmedia":[{"embeddable":true,"href":"https:\/\/migracao.redenoticia.com.br\/noticia\/wp-json\/wp\/v2\/media\/36246"}],"wp:attachment":[{"href":"https:\/\/migracao.redenoticia.com.br\/noticia\/wp-json\/wp\/v2\/media?parent=136992"}],"wp:term":[{"taxonomy":"category","embeddable":true,"href":"https:\/\/migracao.redenoticia.com.br\/noticia\/wp-json\/wp\/v2\/categories?post=136992"},{"taxonomy":"post_tag","embeddable":true,"href":"https:\/\/migracao.redenoticia.com.br\/noticia\/wp-json\/wp\/v2\/tags?post=136992"}],"curies":[{"name":"wp","href":"https:\/\/api.w.org\/{rel}","templated":true}]}}