{"id":136993,"date":"2018-03-13T00:06:06","date_gmt":"2018-03-13T03:06:06","guid":{"rendered":"https:\/\/www.redenoticia.com.br\/noticia\/?p=136993"},"modified":"2018-03-12T19:08:35","modified_gmt":"2018-03-12T22:08:35","slug":"ufscar-realiza-curso-sobre-ferramentas-de-inovacao","status":"publish","type":"post","link":"https:\/\/migracao.redenoticia.com.br\/noticia\/2018\/ufscar-realiza-curso-sobre-ferramentas-de-inovacao\/136993","title":{"rendered":"UFSCar realiza curso sobre ferramentas de inova\u00e7\u00e3o"},"content":{"rendered":"<p> Ag\u00eancia FAPESP\u00a0\u2013 A Universidade Federal de S\u00e3o Carlos (UFSCar), em parceria com a aceleradora Weme, realizar\u00e1 o Wennovation Program, <strong><em>especializa\u00e7\u00e3o que busca fomentar a cria\u00e7\u00e3o de neg\u00f3cios inovadores<\/em><\/strong>. O curso ocorrer\u00e1 em Campinas, a partir de mar\u00e7o de 2018. Segundo os organizadores, o curso visa oferecer educa\u00e7\u00e3o baseada em ferramentas de inova\u00e7\u00e3o para forma\u00e7\u00e3o de profissionais que buscam elevar ideias de neg\u00f3cio ao seu potencial pleno.<\/p>\n<p>O conte\u00fado foi elaborado para acelerar o conhecimento de empreendedores em um ambiente projetado para facilitar relacionamentos. Durante o curso ser\u00e3o compartilhados ensinamentos sobre inova\u00e7\u00e3o de maneira pr\u00e1tica, usando a metodologia de &#8220;aprender-fazendo&#8221; e por meio da realiza\u00e7\u00e3o de projetos.<\/p>\n<p>O Wennovation Program \u00e9 dividido em tr\u00eas m\u00f3dulos complementares, com 120 horas de dura\u00e7\u00e3o cada. O M\u00f3dulo 1, chamado \u201cSelf Innovation\u201d, \u00e9 projetado para explorar e promover o autoconhecimento dos estudantes.<\/p>\n<p>\u201cStartup Innovation\u201d, o segundo m\u00f3dulo, est\u00e1 estruturado para elevar a ideia de neg\u00f3cio ao seu potencial pleno. Por fim, o terceiro m\u00f3dulo, \u201cCorporate Innovation\u201d, \u00e9 dedicado \u00e0 compreens\u00e3o de como lidar com os desafios da empresa contempor\u00e2nea, diagnosticar e aperfei\u00e7oar seu sistema de inova\u00e7\u00e3o.<\/p>\n<p>As inscri\u00e7\u00f5es podem ser feitas at\u00e9 15 de mar\u00e7o pelo\u00a0. Os encontros se iniciam em mar\u00e7o de 2018 e ocorrer\u00e3o aos s\u00e1bados, das 8 \u00e0s 17 horas, no espa\u00e7o de inova\u00e7\u00e3o da startup Weme (av. Doutor Jesu\u00edno Marcondes Machado, 630, Campinas, SP). A mensalidade de cada m\u00f3dulo custa R$ 1,6 mil.<\/p>\n<p>Mais informa\u00e7\u00f5es:\u00a0.<\/p>\n","protected":false},"excerpt":{"rendered":"<p>Ag\u00eancia FAPESP\u00a0\u2013 A Universidade Federal de S\u00e3o Carlos (UFSCar), em parceria com a aceleradora Weme, realizar\u00e1 o Wennovation Program, especializa\u00e7\u00e3o que busca fomentar a cria\u00e7\u00e3o de neg\u00f3cios inovadores. O curso ocorrer\u00e1 em Campinas, a partir de mar\u00e7o de 2018. Segundo os organizadores, o curso visa oferecer educa\u00e7\u00e3o baseada em ferramentas de inova\u00e7\u00e3o para forma\u00e7\u00e3o de [&hellip;]<\/p>\n","protected":false},"author":2,"featured_media":37419,"comment_status":"open","ping_status":"closed","sticky":false,"template":"","format":"standard","meta":{"tdm_status":"","tdm_grid_status":"","footnotes":""},"categories":[22,351,370],"tags":[],"class_list":{"0":"post-136993","1":"post","2":"type-post","3":"status-publish","4":"format-standard","5":"has-post-thumbnail","7":"category-brasil","8":"category-cursos","9":"category-inscricao"},"_links":{"self":[{"href":"https:\/\/migracao.redenoticia.com.br\/noticia\/wp-json\/wp\/v2\/posts\/136993","targetHints":{"allow":["GET"]}}],"collection":[{"href":"https:\/\/migracao.redenoticia.com.br\/noticia\/wp-json\/wp\/v2\/posts"}],"about":[{"href":"https:\/\/migracao.redenoticia.com.br\/noticia\/wp-json\/wp\/v2\/types\/post"}],"author":[{"embeddable":true,"href":"https:\/\/migracao.redenoticia.com.br\/noticia\/wp-json\/wp\/v2\/users\/2"}],"replies":[{"embeddable":true,"href":"https:\/\/migracao.redenoticia.com.br\/noticia\/wp-json\/wp\/v2\/comments?post=136993"}],"version-history":[{"count":0,"href":"https:\/\/migracao.redenoticia.com.br\/noticia\/wp-json\/wp\/v2\/posts\/136993\/revisions"}],"wp:featuredmedia":[{"embeddable":true,"href":"https:\/\/migracao.redenoticia.com.br\/noticia\/wp-json\/wp\/v2\/media\/37419"}],"wp:attachment":[{"href":"https:\/\/migracao.redenoticia.com.br\/noticia\/wp-json\/wp\/v2\/media?parent=136993"}],"wp:term":[{"taxonomy":"category","embeddable":true,"href":"https:\/\/migracao.redenoticia.com.br\/noticia\/wp-json\/wp\/v2\/categories?post=136993"},{"taxonomy":"post_tag","embeddable":true,"href":"https:\/\/migracao.redenoticia.com.br\/noticia\/wp-json\/wp\/v2\/tags?post=136993"}],"curies":[{"name":"wp","href":"https:\/\/api.w.org\/{rel}","templated":true}]}}