{"id":1371,"date":"2009-05-08T00:32:21","date_gmt":"2009-05-08T04:32:21","guid":{"rendered":"http:\/\/www.redenoticia.com.br\/noticia\/?p=1371"},"modified":"2009-05-08T00:32:21","modified_gmt":"2009-05-08T04:32:21","slug":"ministerio-recebe-mais-de-2-mil-propostas-para-o-pronasci","status":"publish","type":"post","link":"https:\/\/migracao.redenoticia.com.br\/noticia\/2009\/ministerio-recebe-mais-de-2-mil-propostas-para-o-pronasci\/1371","title":{"rendered":"Minist\u00e9rio recebe mais de 2 mil propostas para o Pronasci"},"content":{"rendered":"<p><span>A corrida para o envio de novos projetos ao Programa Nacional de Seguran\u00e7a  P\u00fablica com Cidadania (Pronasci) terminou no fim de abril com um saldo  surpreendente de 2.182 propostas inscritas, 31% a mais do que no ano passado.  Combater a viol\u00eancia e o avan\u00e7o da criminalidade virou um compromisso de todos.  Hoje 20 estados, o Distrito Federal e mais 96 munic\u00edpios j\u00e1 executam a\u00e7\u00f5es do  Pronasci.<\/span><\/p>\n<div id=\"texto\"><span><\/span> <span><\/span><span>Este ano, o foco mudou de investimentos nas institui\u00e7\u00f5es de seguran\u00e7a p\u00fablica  (28%) para projetos de implementa\u00e7\u00e3o de pol\u00edticas sociais e de seguran\u00e7a (57%).  A mudan\u00e7a deve-se aos resultados positivos das a\u00e7\u00f5es nos estados nos quais o  Pronasci mobiliza diversos atores sociais para agirem na preven\u00e7\u00e3o e combate \u00e0  viol\u00eancia.<\/span><\/div>\n<div id=\"artigo\">\n<p><span>Para desenvolver a\u00e7\u00f5es com recursos do Pronasci, os projetos ser\u00e3o avaliados  por uma comiss\u00e3o t\u00e9cnica e ter\u00e3o ou n\u00e3o aprova\u00e7\u00e3o. Os conv\u00eanios t\u00eam dura\u00e7\u00e3o de  dois anos e a previs\u00e3o de libera\u00e7\u00e3o dos recursos \u00e9 no in\u00edcio de julho. O  or\u00e7amento de 2009 do Minist\u00e9rio da Justi\u00e7a, aprovado pelo Congresso Nacional, \u00e9  de R$ 2,9 bilh\u00f5es. Apenas no Pronasci ser\u00e1 investido R$ 1,2 bilh\u00e3o.<\/span><\/p>\n<p><span>Ao todo 94 a\u00e7\u00f5es integram o programa e muitas delas j\u00e1 come\u00e7am a fazer a  diferen\u00e7a no pa\u00eds, mostrando, por exemplo, que \u00e9 poss\u00edvel mudar a realidade de  bairros considerados violentos. Cinco comunidades j\u00e1 se transformaram em  Territ\u00f3rios da Paz (confira abaixo) e mais duas delas, uma em Macei\u00f3 (AL) e  outra em Salvador (BA), aguardam pelo lan\u00e7amento do projeto ainda neste m\u00eas. A  iniciativa envolve a participa\u00e7\u00e3o popular e os pr\u00f3prios moradores atuam na  preven\u00e7\u00e3o da viol\u00eancia, orienta\u00e7\u00e3o sobre como procurar a Justi\u00e7a e na resolu\u00e7\u00e3o  de conflitos.<\/span><\/p>\n<p><span> <\/span><\/p>\n<p><span>\u201cAs mudan\u00e7as j\u00e1 est\u00e3o em curso em diversas regi\u00f5es, nas quais os policiais  passam por aperfei\u00e7oamento no projeto Bolsa Forma\u00e7\u00e3o, est\u00e3o inscritos no Plano  Habitacional e fazem policiamento comunit\u00e1rio. Isso n\u00e3o \u00e9 uma mudan\u00e7a para se  desdenhar, mas o projeto \u00e9 de m\u00e9dio e longo prazo\u201d, assinala o ministro da  Justi\u00e7a, Tarso Genro. Ele ressalta ainda que a queda nos indicadores de  criminalidade come\u00e7ar\u00e1 a ser percebida no fim de 2009.<\/span><\/p>\n<p><span> <\/span><\/p>\n<p><span><strong>Comunidades que se transformaram em Territ\u00f3rios da Paz:<\/strong><\/span><\/p>\n<p><span> <\/span><\/p>\n<p><span>\u2013 Complexo do Alem\u00e3o, no Rio de Janeiro (RJ)<\/span><\/p>\n<p><span>\u2013 Zona de Atendimento Priorit\u00e1rio 5, em Rio Branco (AC)<\/span><\/p>\n<p><span>\u2013 Regi\u00e3o Administrativa do Itapo\u00e3, no Distrito Federal<\/span><\/p>\n<p><span>\u2013 Bairro S\u00e3o Pedro, em Vit\u00f3ria (ES)<\/span><\/p>\n<p><span>\u2013 Bairro Santo Amaro, em Recife (PE)<\/span><\/p>\n<p><span> <\/span><\/p>\n<p><span> <\/span><\/p>\n<p><span><strong>Avan\u00e7os do Pronasci em 2008:<\/strong><\/span><\/p>\n<p><span> <\/span><\/p>\n<p><span>\u2013 O Minist\u00e9rio investiu mais de R$ 26 milh\u00f5es na democratiza\u00e7\u00e3o do acesso \u00e0  Justi\u00e7a, fortalecendo o atendimento \u00e0s mulheres v\u00edtimas de viol\u00eancia (Lei Maria  da Penha). Foram criados 13 n\u00facleos especializados em todo o pa\u00eds para  assist\u00eancia jur\u00eddica a presos e a resolu\u00e7\u00e3o pac\u00edfica de conflitos.<\/span><\/p>\n<p><span> <\/span><\/p>\n<p><span>\u2013 Reaparelhagem das for\u00e7as de seguran\u00e7a do pa\u00eds com a compra de 10 mil  baf\u00f4metros, quatro mil armas n\u00e3o-letais e 12 helic\u00f3pteros.<\/span><\/p>\n<p><span> <\/span><\/p>\n<p><span>\u2013 Mais de 486 mil profissionais de seguran\u00e7a p\u00fablica capacitados. <\/span><\/p>\n<p><span> <\/span><\/p>\n<p><span>\u2013 130 mil profissionais de seguran\u00e7a p\u00fablica de todo o pa\u00eds recebem R$ 400 a  mais no sal\u00e1rio, pelo projeto Bolsa Forma\u00e7\u00e3o. <\/span><\/p>\n<p><span> <\/span><\/p>\n<p><span>\u2013 Autoriza\u00e7\u00e3o para constru\u00e7\u00e3o de 15 penitenci\u00e1rias especiais para jovens. Rio  de Janeiro e Par\u00e1 j\u00e1 entregaram os projetos para a Caixa Econ\u00f4mica Federal, que  financiar\u00e1 o projeto com recursos do Pronasci.<\/span><\/p>\n<p><span> <\/span><\/p>\n<p><span>\u2013 Mulheres da Paz: 11.725 lideran\u00e7as femininas est\u00e3o sendo selecionadas\u00a0 e  capacitadas para identificar jovens em situa\u00e7\u00e3o de risco e lev\u00e1-los aos projetos  sociais do Pronasci. A iniciativa est\u00e1 bem avan\u00e7ada no Rio de Janeiro, DF e  Acre. <\/span><\/p>\n<p><span>\u2013 Implementa\u00e7\u00e3o do Plano Habitacional do Pronasci, que concretizou o sonho da  casa pr\u00f3pria para 931 fam\u00edlias de policiais por meio de financiamento especial  da Caixa Econ\u00f4mica Federal.<\/span><\/p>\n<p><span> <\/span><\/p>\n<p><span>Fonte: Minist\u00e9rio da Justi\u00e7a<\/span><\/div>\n<p><span><br \/>\n<\/span><\/p>\n","protected":false},"excerpt":{"rendered":"<p>A corrida para o envio de novos projetos ao Programa Nacional de Seguran\u00e7a P\u00fablica com Cidadania (Pronasci) terminou no fim de abril com um saldo surpreendente de 2.182 propostas inscritas, 31% a mais do que no ano passado. Combater a viol\u00eancia e o avan\u00e7o da criminalidade virou um compromisso de todos. Hoje 20 estados, o [&hellip;]<\/p>\n","protected":false},"author":3,"featured_media":0,"comment_status":"open","ping_status":"open","sticky":false,"template":"","format":"standard","meta":{"tdm_status":"","tdm_grid_status":"","footnotes":""},"categories":[22],"tags":[],"class_list":{"0":"post-1371","1":"post","2":"type-post","3":"status-publish","4":"format-standard","6":"category-brasil"},"_links":{"self":[{"href":"https:\/\/migracao.redenoticia.com.br\/noticia\/wp-json\/wp\/v2\/posts\/1371","targetHints":{"allow":["GET"]}}],"collection":[{"href":"https:\/\/migracao.redenoticia.com.br\/noticia\/wp-json\/wp\/v2\/posts"}],"about":[{"href":"https:\/\/migracao.redenoticia.com.br\/noticia\/wp-json\/wp\/v2\/types\/post"}],"author":[{"embeddable":true,"href":"https:\/\/migracao.redenoticia.com.br\/noticia\/wp-json\/wp\/v2\/users\/3"}],"replies":[{"embeddable":true,"href":"https:\/\/migracao.redenoticia.com.br\/noticia\/wp-json\/wp\/v2\/comments?post=1371"}],"version-history":[{"count":0,"href":"https:\/\/migracao.redenoticia.com.br\/noticia\/wp-json\/wp\/v2\/posts\/1371\/revisions"}],"wp:attachment":[{"href":"https:\/\/migracao.redenoticia.com.br\/noticia\/wp-json\/wp\/v2\/media?parent=1371"}],"wp:term":[{"taxonomy":"category","embeddable":true,"href":"https:\/\/migracao.redenoticia.com.br\/noticia\/wp-json\/wp\/v2\/categories?post=1371"},{"taxonomy":"post_tag","embeddable":true,"href":"https:\/\/migracao.redenoticia.com.br\/noticia\/wp-json\/wp\/v2\/tags?post=1371"}],"curies":[{"name":"wp","href":"https:\/\/api.w.org\/{rel}","templated":true}]}}