{"id":137173,"date":"2018-03-15T00:06:51","date_gmt":"2018-03-15T03:06:51","guid":{"rendered":"https:\/\/www.redenoticia.com.br\/noticia\/?p=137173"},"modified":"2018-03-14T18:05:41","modified_gmt":"2018-03-14T21:05:41","slug":"pos-doutorado-em-pesquisa-de-vacinas-com-bolsa-da-fapesp","status":"publish","type":"post","link":"https:\/\/migracao.redenoticia.com.br\/noticia\/2018\/pos-doutorado-em-pesquisa-de-vacinas-com-bolsa-da-fapesp\/137173","title":{"rendered":"P\u00f3s-doutorado em pesquisa de vacinas com Bolsa da FAPESP"},"content":{"rendered":"<p> Ag\u00eancia FAPESP\u00a0\u2013 O Laborat\u00f3rio de Gen\u00f4mica e Imunobiologia da USP de Ribeir\u00e3o Preto est\u00e1 \u00e0 procura de candidatos para uma vaga de Bolsa de <strong><em>P\u00f3s-Doutorado<\/em><\/strong> da FAPESP vinculada ao Projeto Tem\u00e1tico \u201c&#8221;. As inscri\u00e7\u00f5es devem ser feitas at\u00e9 18 de mar\u00e7o de 2018.<\/p>\n<p>O selecionado receber\u00e1 treinamento em um laborat\u00f3rio de pesquisa que tem por objetivo desenvolver uma vacina anticarrapatos para bovinos e c\u00e3es. O grupo do projeto tem diversos ant\u00edgenos patenteados.<\/p>\n<p>A pesquisa exigir\u00e1 do selecionado viagens e estadias em Vi\u00e7osa (MG) para experimentos de imuniza\u00e7\u00e3o em bovinos, coleta de amostras, isolamento, cultura e congelamento de c\u00e9lulas com os demais pesquisadores do Projeto Tem\u00e1tico. A bolsa ter\u00e1 dura\u00e7\u00e3o de 12 meses, com in\u00edcio previsto para 1\u00ba de maio de 2018 ou antes.<\/p>\n<p>O candidato deve ter doutorado finalizado e experi\u00eancia em \u00e1reas como biologia molecular, produ\u00e7\u00e3o de prote\u00ednas recombinantes em diferentes sistemas de express\u00e3o, vacinologia, imunologia e parasitologia.<\/p>\n<p>Interessados na vaga devem entrar em contato com a professora coordenadora do projeto,\u00a0, pelo e-mail (brferrei@usp.br), comunicando que gostariam de participar do processo seletivo, incluindo curriculum vitae,\u00a0, carta de apresenta\u00e7\u00e3o e proposta esquem\u00e1tica de subprojeto relacionado ao projeto.<\/p>\n<p>Mais informa\u00e7\u00f5es sobre a vaga est\u00e3o dispon\u00edveis em\u00a0.<\/p>\n<p>A vaga est\u00e1 aberta a brasileiros e estrangeiros. O selecionado receber\u00e1 Bolsa de P\u00f3s-Doutorado da FAPESP no valor de R$ 7.174,80 mensais e Reserva T\u00e9cnica. A Reserva T\u00e9cnica de Bolsa de PD equivale a 15% do valor anual da bolsa e tem o objetivo de atender a despesas imprevistas e diretamente relacionadas \u00e0 atividade de pesquisa.<\/p>\n<p>Caso o bolsista de PD resida em domic\u00edlio diferente e precise se mudar para a cidade onde se localiza a institui\u00e7\u00e3o-sede da pesquisa, poder\u00e1 ter direito a um Aux\u00edlio-Instala\u00e7\u00e3o. Mais informa\u00e7\u00f5es sobre a Bolsa de P\u00f3s-Doutorado da FAPESP est\u00e3o dispon\u00edveis em\u00a0.<\/p>\n<p>Outras vagas de bolsas, em diversas \u00e1reas do conhecimento, est\u00e3o no site FAPESP-Oportunidades, em\u00a0.<\/p>\n","protected":false},"excerpt":{"rendered":"<p>Ag\u00eancia FAPESP\u00a0\u2013 O Laborat\u00f3rio de Gen\u00f4mica e Imunobiologia da USP de Ribeir\u00e3o Preto est\u00e1 \u00e0 procura de candidatos para uma vaga de Bolsa de P\u00f3s-Doutorado da FAPESP vinculada ao Projeto Tem\u00e1tico \u201c&#8221;. As inscri\u00e7\u00f5es devem ser feitas at\u00e9 18 de mar\u00e7o de 2018. O selecionado receber\u00e1 treinamento em um laborat\u00f3rio de pesquisa que tem por [&hellip;]<\/p>\n","protected":false},"author":2,"featured_media":34747,"comment_status":"open","ping_status":"closed","sticky":false,"template":"","format":"standard","meta":{"tdm_status":"","tdm_grid_status":"","footnotes":""},"categories":[22,370,353],"tags":[],"class_list":{"0":"post-137173","1":"post","2":"type-post","3":"status-publish","4":"format-standard","5":"has-post-thumbnail","7":"category-brasil","8":"category-inscricao","9":"category-oportunidades"},"_links":{"self":[{"href":"https:\/\/migracao.redenoticia.com.br\/noticia\/wp-json\/wp\/v2\/posts\/137173","targetHints":{"allow":["GET"]}}],"collection":[{"href":"https:\/\/migracao.redenoticia.com.br\/noticia\/wp-json\/wp\/v2\/posts"}],"about":[{"href":"https:\/\/migracao.redenoticia.com.br\/noticia\/wp-json\/wp\/v2\/types\/post"}],"author":[{"embeddable":true,"href":"https:\/\/migracao.redenoticia.com.br\/noticia\/wp-json\/wp\/v2\/users\/2"}],"replies":[{"embeddable":true,"href":"https:\/\/migracao.redenoticia.com.br\/noticia\/wp-json\/wp\/v2\/comments?post=137173"}],"version-history":[{"count":0,"href":"https:\/\/migracao.redenoticia.com.br\/noticia\/wp-json\/wp\/v2\/posts\/137173\/revisions"}],"wp:featuredmedia":[{"embeddable":true,"href":"https:\/\/migracao.redenoticia.com.br\/noticia\/wp-json\/wp\/v2\/media\/34747"}],"wp:attachment":[{"href":"https:\/\/migracao.redenoticia.com.br\/noticia\/wp-json\/wp\/v2\/media?parent=137173"}],"wp:term":[{"taxonomy":"category","embeddable":true,"href":"https:\/\/migracao.redenoticia.com.br\/noticia\/wp-json\/wp\/v2\/categories?post=137173"},{"taxonomy":"post_tag","embeddable":true,"href":"https:\/\/migracao.redenoticia.com.br\/noticia\/wp-json\/wp\/v2\/tags?post=137173"}],"curies":[{"name":"wp","href":"https:\/\/api.w.org\/{rel}","templated":true}]}}