{"id":137216,"date":"2018-03-16T12:43:12","date_gmt":"2018-03-16T15:43:12","guid":{"rendered":"https:\/\/www.redenoticia.com.br\/noticia\/?p=137216"},"modified":"2018-03-19T23:26:03","modified_gmt":"2018-03-20T02:26:03","slug":"novela-os-dez-mandamentos-resumo-19-03-o-farao-pede-perdao-a-moises","status":"publish","type":"post","link":"https:\/\/migracao.redenoticia.com.br\/noticia\/2018\/novela-os-dez-mandamentos-resumo-19-03-o-farao-pede-perdao-a-moises\/137216","title":{"rendered":"Novela \u201cOs Dez Mandamentos\u201d resumo 19\/03: o fara\u00f3 pede perd\u00e3o a Mois\u00e9s"},"content":{"rendered":"<p><img loading=\"lazy\" decoding=\"async\" src=\"https:\/\/migracao.redenoticia.com.br\/noticia\/imagens\/resumo_novela_os_dez_mandamentos_record-150x112.jpg\" alt=\"\" width=\"150\" height=\"112\" class=\"alignleft size-thumbnail wp-image-68037\" srcset=\"https:\/\/migracao.redenoticia.com.br\/noticia\/imagens\/resumo_novela_os_dez_mandamentos_record-150x112.jpg 150w, https:\/\/migracao.redenoticia.com.br\/noticia\/imagens\/resumo_novela_os_dez_mandamentos_record-265x198.jpg 265w\" sizes=\"auto, (max-width: 150px) 100vw, 150px\" \/><em><strong>Novela \u201cOs Dez Mandamentos\u201d resumo 19\/03<\/strong><\/em>: no capitulo 170 (*) da novela \u201cOs Dez Mandamentos\u201d, segunda-feira, 19 de mar\u00e7o, a tens\u00e3o toma conta da vila dos hebreus com a comitiva do fara\u00f3. Mois\u00e9s diz a Rams\u00e9s que avisou que uma nova praga aconteceria caso ele n\u00e3o cedesse. At\u00f4nito, o fara\u00f3 diz que essa \u00e9 a segunda vez em toda a sua vida que ele coloca os p\u00e9s na vila dos hebreus. Emocionado, Rams\u00e9s diz que a primeira vez que esteve na vila foi para levar Mois\u00e9s de volta ao pal\u00e1cio e diz que gostaria de mais uma vez leva-lo com ele. Mois\u00e9s diz que n\u00e3o \u00e9 poss\u00edvel. Um sorri para o outro e todos trocam olhares de surpresa e al\u00edvio. O fara\u00f3 pede perd\u00e3o a Mois\u00e9s e diz que pecou contra o Deus dos hebreus e surpreende o libertador pedindo para que ele ore e o livre da morte. Mois\u00e9s ent\u00e3o pede a Deus para que mande a praga para longe do Egito e cesse todo o mal. Uma forte ventania leva os gafanhotos embora para al\u00edvio de todos. Nefertari e Amenhotep ficam chocados ao descobrir que Rams\u00e9s foi at\u00e9 a vila dos hebreus.<\/p>\n<p>Gahiji se desespera ao ver que todos os alimentos do pal\u00e1cio foram devorados pelos gafanhotos e diz que n\u00e3o tem nada para servir aos soberanos. Karoma conta a Nefertari que os insetos comeram tudo e a rainha se d\u00e1 conta da gravidade. Bezalel decide apressar o casamento com Deborah e todos se prop\u00f5e a ajudar nos preparativos. Nefertari fica chocada ao ver a destrui\u00e7\u00e3o do jardim ap\u00f3s a passagem dos gafanhotos. Cor\u00e1 avisa Apuki que o fara\u00f3 esteve na vila dos hebreus. Ikeni se mostra chateado com a rea\u00e7\u00e3o do rei em n\u00e3o libertar os escravos e \u00e9 amparado por Karoma. Nefertari vai at\u00e9 a cozinha e fica tomada de raiva ao ver que nada sobrou. Leila e Abigail decidem retribuir a ajuda que sempre recebeu de Gahiji e mandar mantimentos para eles. Mois\u00e9s conta para Calebe, Joquebede, Miri\u00e3 e Os\u00e9ias que alguns eg\u00edpcios t\u00eam se mostrado interessados em partir com os hebreus para Cana\u00e3.<\/p>\n<p>Nervosa com as atitudes do pai, Ana diz a Apuki que ir\u00e1 partir do Egito com os hebreus deixando o pai raivoso. Meketre pro\u00edbe Tais de procurar ajuda na vila dos hebreus. Dat\u00e3, Abir\u00e3o e Bina riem da desgra\u00e7a dos eg\u00edpcios e deixa Safira horrorizada com a atitude deles. Mois\u00e9s diz a Ar\u00e3o que sente muita falta de Z\u00edpora e dos filhos. <\/p>\n<p>(*) edi\u00e7\u00e3o da Rede Record, Novela \u201cOs Dez Mandamentos\u201d, sujeito a altera\u00e7\u00e3o de data e conte\u00fado.<\/p>\n<p>\u201cOs Dez Mandamentos\u201d \u00e9 uma telenovela brasileira produzida e exibida pela RecordTV, tendo sua primeira temporada exibida entre 23 de mar\u00e7o e 23 de novembro de 2015 em 176 cap\u00edtulos, substituindo Vit\u00f3ria, e sendo substitu\u00edda pela reprise de Rei Davi. A segunda temporada foi produzida pela Casablanca e exibida de 04 de abril a 04 de julho de 2016 em 66 cap\u00edtulos, substituindo a reprise de Sans\u00e3o e Dalila e sendo substitu\u00edda por A Terra Prometida.<\/p>\n","protected":false},"excerpt":{"rendered":"<p>Novela \u201cOs Dez Mandamentos\u201d resumo 19\/03: no capitulo 170 (*) da novela \u201cOs Dez Mandamentos\u201d, segunda-feira, 19 de mar\u00e7o, a tens\u00e3o toma conta da vila dos hebreus com a comitiva do fara\u00f3. Mois\u00e9s diz a Rams\u00e9s que avisou que uma nova praga aconteceria caso ele n\u00e3o cedesse. At\u00f4nito, o fara\u00f3 diz que essa \u00e9 a [&hellip;]<\/p>\n","protected":false},"author":2,"featured_media":68037,"comment_status":"open","ping_status":"closed","sticky":false,"template":"","format":"standard","meta":{"tdm_status":"","tdm_grid_status":"","footnotes":""},"categories":[379,424,371,343],"tags":[441],"class_list":{"0":"post-137216","1":"post","2":"type-post","3":"status-publish","4":"format-standard","5":"has-post-thumbnail","7":"category-novelas","8":"category-os-dez-mandamentos","9":"category-rede-record","10":"category-televisao","11":"tag-resumo-do-dia"},"_links":{"self":[{"href":"https:\/\/migracao.redenoticia.com.br\/noticia\/wp-json\/wp\/v2\/posts\/137216","targetHints":{"allow":["GET"]}}],"collection":[{"href":"https:\/\/migracao.redenoticia.com.br\/noticia\/wp-json\/wp\/v2\/posts"}],"about":[{"href":"https:\/\/migracao.redenoticia.com.br\/noticia\/wp-json\/wp\/v2\/types\/post"}],"author":[{"embeddable":true,"href":"https:\/\/migracao.redenoticia.com.br\/noticia\/wp-json\/wp\/v2\/users\/2"}],"replies":[{"embeddable":true,"href":"https:\/\/migracao.redenoticia.com.br\/noticia\/wp-json\/wp\/v2\/comments?post=137216"}],"version-history":[{"count":0,"href":"https:\/\/migracao.redenoticia.com.br\/noticia\/wp-json\/wp\/v2\/posts\/137216\/revisions"}],"wp:featuredmedia":[{"embeddable":true,"href":"https:\/\/migracao.redenoticia.com.br\/noticia\/wp-json\/wp\/v2\/media\/68037"}],"wp:attachment":[{"href":"https:\/\/migracao.redenoticia.com.br\/noticia\/wp-json\/wp\/v2\/media?parent=137216"}],"wp:term":[{"taxonomy":"category","embeddable":true,"href":"https:\/\/migracao.redenoticia.com.br\/noticia\/wp-json\/wp\/v2\/categories?post=137216"},{"taxonomy":"post_tag","embeddable":true,"href":"https:\/\/migracao.redenoticia.com.br\/noticia\/wp-json\/wp\/v2\/tags?post=137216"}],"curies":[{"name":"wp","href":"https:\/\/api.w.org\/{rel}","templated":true}]}}