{"id":137235,"date":"2018-03-16T00:06:43","date_gmt":"2018-03-16T03:06:43","guid":{"rendered":"https:\/\/www.redenoticia.com.br\/noticia\/?p=137235"},"modified":"2018-03-15T16:13:34","modified_gmt":"2018-03-15T19:13:34","slug":"ufscar-oferece-mba-em-gestao-de-ti-e-computacao-em-nuvem","status":"publish","type":"post","link":"https:\/\/migracao.redenoticia.com.br\/noticia\/2018\/ufscar-oferece-mba-em-gestao-de-ti-e-computacao-em-nuvem\/137235","title":{"rendered":"UFSCar oferece MBA em gest\u00e3o de TI e computa\u00e7\u00e3o em nuvem"},"content":{"rendered":"<p> Ag\u00eancia FAPESP\u00a0\u2013 Est\u00e3o abertas at\u00e9 16 de mar\u00e7o as inscri\u00e7\u00f5es para o <strong><em>MBA em Gest\u00e3o de Tecnologia da Informa\u00e7\u00e3o (TI) e Computa\u00e7\u00e3o em Nuvem do Campus<\/em><\/strong> Sorocaba da Universidade Federal de S\u00e3o Carlos (UFSCar). O objetivo do curso \u00e9 oferecer conhecimento amplo na \u00e1rea de gest\u00e3o empresarial e de TI e detalhar aspectos relacionados \u00e0 computa\u00e7\u00e3o em nuvem, principalmente no que se refere ao desenvolvimento e \u00e0 implanta\u00e7\u00e3o de nuvens.<\/p>\n<p>Segundo a UFSCar, o MBA visa formar profissionais para atuar como gerentes de TI e computa\u00e7\u00e3o em nuvem e capacitar desenvolvedores que pretendam usar as tecnologias de computa\u00e7\u00e3o em nuvem, plataformas e infraestruturas informacionais em suas empresas.<\/p>\n<p>Estruturadas em tr\u00eas m\u00f3dulos (Gest\u00e3o Empresarial, Gest\u00e3o de TI e Computa\u00e7\u00e3o em Nuvem), as disciplinas incluem: Empreendedorismo e Cria\u00e7\u00e3o de Novos Neg\u00f3cios; Engenharia de Software; Desenvolvimento Web\/Mobile; Arquiteturas de Banco de Dados e Big Data; e Plataformas de Desenvolvimento e Infraestrutura para Nuvem.<\/p>\n<p>A metodologia compreende aulas te\u00f3ricas e pr\u00e1ticas que permitir\u00e3o ao aluno trabalhar em solu\u00e7\u00f5es que usem tecnologias em nuvem e entender a din\u00e2mica para o desenvolvimento desse tipo de aplica\u00e7\u00e3o tecnol\u00f3gica. O MBA ter\u00e1 a dura\u00e7\u00e3o de dois anos (carga hor\u00e1ria total de 460 horas), com aulas presenciais a cada 15 dias, no campus Sorocaba da UFSCar.<\/p>\n<p>O processo seletivo dos candidatos consistir\u00e1 em an\u00e1lise do curr\u00edculo, experi\u00eancia e forma\u00e7\u00e3o. Os candidatos devem ter forma\u00e7\u00e3o em TI ou \u00e1reas correlatas. Profissionais de outras \u00e1reas podem se inscrever desde que possuam elementos necess\u00e1rios ao perfil do curso.<\/p>\n<p>A matr\u00edcula e a mensalidade custam R$ 750. Inscri\u00e7\u00f5es pelo\u00a0.<\/p>\n<p>Mais informa\u00e7\u00f5es:\u00a0.<\/p>\n","protected":false},"excerpt":{"rendered":"<p>Ag\u00eancia FAPESP\u00a0\u2013 Est\u00e3o abertas at\u00e9 16 de mar\u00e7o as inscri\u00e7\u00f5es para o MBA em Gest\u00e3o de Tecnologia da Informa\u00e7\u00e3o (TI) e Computa\u00e7\u00e3o em Nuvem do Campus Sorocaba da Universidade Federal de S\u00e3o Carlos (UFSCar). O objetivo do curso \u00e9 oferecer conhecimento amplo na \u00e1rea de gest\u00e3o empresarial e de TI e detalhar aspectos relacionados \u00e0 [&hellip;]<\/p>\n","protected":false},"author":2,"featured_media":57576,"comment_status":"open","ping_status":"closed","sticky":false,"template":"","format":"standard","meta":{"tdm_status":"","tdm_grid_status":"","footnotes":""},"categories":[22,351,370],"tags":[],"class_list":{"0":"post-137235","1":"post","2":"type-post","3":"status-publish","4":"format-standard","5":"has-post-thumbnail","7":"category-brasil","8":"category-cursos","9":"category-inscricao"},"_links":{"self":[{"href":"https:\/\/migracao.redenoticia.com.br\/noticia\/wp-json\/wp\/v2\/posts\/137235","targetHints":{"allow":["GET"]}}],"collection":[{"href":"https:\/\/migracao.redenoticia.com.br\/noticia\/wp-json\/wp\/v2\/posts"}],"about":[{"href":"https:\/\/migracao.redenoticia.com.br\/noticia\/wp-json\/wp\/v2\/types\/post"}],"author":[{"embeddable":true,"href":"https:\/\/migracao.redenoticia.com.br\/noticia\/wp-json\/wp\/v2\/users\/2"}],"replies":[{"embeddable":true,"href":"https:\/\/migracao.redenoticia.com.br\/noticia\/wp-json\/wp\/v2\/comments?post=137235"}],"version-history":[{"count":0,"href":"https:\/\/migracao.redenoticia.com.br\/noticia\/wp-json\/wp\/v2\/posts\/137235\/revisions"}],"wp:featuredmedia":[{"embeddable":true,"href":"https:\/\/migracao.redenoticia.com.br\/noticia\/wp-json\/wp\/v2\/media\/57576"}],"wp:attachment":[{"href":"https:\/\/migracao.redenoticia.com.br\/noticia\/wp-json\/wp\/v2\/media?parent=137235"}],"wp:term":[{"taxonomy":"category","embeddable":true,"href":"https:\/\/migracao.redenoticia.com.br\/noticia\/wp-json\/wp\/v2\/categories?post=137235"},{"taxonomy":"post_tag","embeddable":true,"href":"https:\/\/migracao.redenoticia.com.br\/noticia\/wp-json\/wp\/v2\/tags?post=137235"}],"curies":[{"name":"wp","href":"https:\/\/api.w.org\/{rel}","templated":true}]}}