{"id":1374,"date":"2009-05-08T00:38:14","date_gmt":"2009-05-08T04:38:14","guid":{"rendered":"http:\/\/www.redenoticia.com.br\/noticia\/?p=1374"},"modified":"2009-05-08T00:38:14","modified_gmt":"2009-05-08T04:38:14","slug":"r-400-para-estudar-a-distancia","status":"publish","type":"post","link":"https:\/\/migracao.redenoticia.com.br\/noticia\/2009\/r-400-para-estudar-a-distancia\/1374","title":{"rendered":"R$ 400 para estudar \u00e0 dist\u00e2ncia"},"content":{"rendered":"<p>A partir de amanh\u00e3, policiais civis e militares, peritos, bombeiros,  agentes penitenci\u00e1rios e guardas municipais poder\u00e3o se inscrever nos cursos \u00e0  dist\u00e2ncia oferecidos pelo Minist\u00e9rio da Justi\u00e7a. Os profissionais que tiverem  sal\u00e1rio inferior a R$ 1.700 poder\u00e3o ser inclu\u00eddos no Bolsa Forma\u00e7\u00e3o, que d\u00e1  direito a aux\u00edlio mensal de R$ 400. Neste ciclo, o 16\u00ba, s\u00e3o oferecidas 180 mil  vagas em 35 cursos diferentes.<\/p>\n<div id=\"HOTWordsTxt\">\n<p>Este ano, o Pronasci (Programa Nacional de Seguran\u00e7a P\u00fablica com Cidadania)  traz quatro novos cursos: Conv\u00eanios na \u00c1rea de Seguran\u00e7a, Media\u00e7\u00e3o de Conflitos  1; Atua\u00e7\u00e3o Policial Frente aos Grupos Vulner\u00e1veis; Planejamento Estrat\u00e9gico; e  Planejamento Orientado por Problemas \u2014 Sara Model. Tamb\u00e9m ser\u00e1 poss\u00edvel optar  por aulas de Direitos Humanos e Cidadania; Identifica\u00e7\u00e3o Veicular; Policiamento  Comunit\u00e1rio; Enfrentamento \u00e0 Homofobia; Tr\u00e1fico de Pessoas; Retrato Falado;  Criminalidade e Preven\u00e7\u00e3o; Uso Progressivo da For\u00e7a; e Combate \u00e0 Lavagem de  Dinheiro.<\/p>\n<p>Subsecret\u00e1ria de Ensino e Programas de Preven\u00e7\u00e3o da Secretaria Estadual de  Seguran\u00e7a P\u00fablica, J\u00e9ssica Oliveira informou que, para este ciclo, s\u00e3o esperadas  15 mil inscri\u00e7\u00f5es no estado: \u201cSe acontecer como na \u00faltima etapa, as vagas ser\u00e3o  preenchidas em somente dois dias, pois o interesse da categoria \u00e9 muito grande\u201d.  De acordo com a subsecret\u00e1ria, 28 mil profissionais da \u00e1rea de Seguran\u00e7a recebem  o Bolsa Forma\u00e7\u00e3o atualmente. Destes, 80% s\u00e3o policiais militares.<\/p>\n<p>Segundo J\u00e9ssica, o Rio \u00e9 campe\u00e3o em policiais bolsistas. Em alguns  estados, o aux\u00edlio de R$ 400 representa at\u00e9 um ter\u00e7o do sal\u00e1rio dos  profissionais. Em 2008, foram oferecidas 390 mil vagas em quatro etapas. No  primeiro ciclo deste ano, os cursos mais procurados foram: Direitos Humanos  (24.052 inscri\u00e7\u00f5es); Uso Progressivo da For\u00e7a (11.298), Atendimento a Mulheres  V\u00edtimas de Viol\u00eancia (10.899) e Identifica\u00e7\u00e3o Veicular (10.543).<\/p>\n<p><a href=\"http:\/\/odia.terra.com.br\/portal\/economia\/html\/2009\/5\/r_400_para_estudar_a_distancia_10608.html\"><strong>SAIBA MAIS<\/strong><\/a><\/p>\n<p><strong><strong>Fonte O DIA ONLINE<br \/>\n<\/strong><\/strong><\/div>\n<p><!--FIM MATERIA PRINCIPAL--><!--TAG - RELACIONADAS E OPINE--><\/p>\n","protected":false},"excerpt":{"rendered":"<p>A partir de amanh\u00e3, policiais civis e militares, peritos, bombeiros, agentes penitenci\u00e1rios e guardas municipais poder\u00e3o se inscrever nos cursos \u00e0 dist\u00e2ncia oferecidos pelo Minist\u00e9rio da Justi\u00e7a. Os profissionais que tiverem sal\u00e1rio inferior a R$ 1.700 poder\u00e3o ser inclu\u00eddos no Bolsa Forma\u00e7\u00e3o, que d\u00e1 direito a aux\u00edlio mensal de R$ 400. Neste ciclo, o 16\u00ba, [&hellip;]<\/p>\n","protected":false},"author":3,"featured_media":0,"comment_status":"open","ping_status":"open","sticky":false,"template":"","format":"standard","meta":{"tdm_status":"","tdm_grid_status":"","footnotes":""},"categories":[22],"tags":[],"class_list":{"0":"post-1374","1":"post","2":"type-post","3":"status-publish","4":"format-standard","6":"category-brasil"},"_links":{"self":[{"href":"https:\/\/migracao.redenoticia.com.br\/noticia\/wp-json\/wp\/v2\/posts\/1374","targetHints":{"allow":["GET"]}}],"collection":[{"href":"https:\/\/migracao.redenoticia.com.br\/noticia\/wp-json\/wp\/v2\/posts"}],"about":[{"href":"https:\/\/migracao.redenoticia.com.br\/noticia\/wp-json\/wp\/v2\/types\/post"}],"author":[{"embeddable":true,"href":"https:\/\/migracao.redenoticia.com.br\/noticia\/wp-json\/wp\/v2\/users\/3"}],"replies":[{"embeddable":true,"href":"https:\/\/migracao.redenoticia.com.br\/noticia\/wp-json\/wp\/v2\/comments?post=1374"}],"version-history":[{"count":0,"href":"https:\/\/migracao.redenoticia.com.br\/noticia\/wp-json\/wp\/v2\/posts\/1374\/revisions"}],"wp:attachment":[{"href":"https:\/\/migracao.redenoticia.com.br\/noticia\/wp-json\/wp\/v2\/media?parent=1374"}],"wp:term":[{"taxonomy":"category","embeddable":true,"href":"https:\/\/migracao.redenoticia.com.br\/noticia\/wp-json\/wp\/v2\/categories?post=1374"},{"taxonomy":"post_tag","embeddable":true,"href":"https:\/\/migracao.redenoticia.com.br\/noticia\/wp-json\/wp\/v2\/tags?post=1374"}],"curies":[{"name":"wp","href":"https:\/\/api.w.org\/{rel}","templated":true}]}}