{"id":137616,"date":"2018-03-22T00:08:57","date_gmt":"2018-03-22T03:08:57","guid":{"rendered":"https:\/\/www.redenoticia.com.br\/noticia\/?p=137616"},"modified":"2018-03-21T14:32:19","modified_gmt":"2018-03-21T17:32:19","slug":"novo-predio-do-incor-amplia-oferta-de-servicos-aos-pacientes","status":"publish","type":"post","link":"https:\/\/migracao.redenoticia.com.br\/noticia\/2018\/novo-predio-do-incor-amplia-oferta-de-servicos-aos-pacientes\/137616","title":{"rendered":"Novo pr\u00e9dio do Incor amplia oferta de servi\u00e7os aos pacientes"},"content":{"rendered":"<p> O governador Geraldo Alckmin entregou as novas instala\u00e7\u00f5es do Bloco III do <strong><em>Instituto do Cora\u00e7\u00e3o<\/em><\/strong> do Hospital das Cl\u00ednicas da Faculdade de Medicina da USP. O edif\u00edcio, que recebeu investimentos de R$ 58 milh\u00f5es do Governo do Estado, oferecer\u00e1 os servi\u00e7os do Hospital Dia, Central de Endoscopia Digestiva e Respirat\u00f3ria, Unidade de Interna\u00e7\u00e3o do Servi\u00e7o de Hemodin\u00e2mica e Cardiologia Intervencionista, com 24 leitos.<\/p>\n<p>\u201cJ\u00e1 t\u00ednhamos inaugurado o espa\u00e7o no t\u00e9rreo do Incor. Talvez seja a melhor emerg\u00eancia em cardiologia de toda a Am\u00e9rica Latina. \u00c9 impressionante a qualidade do trabalho desenvolvido. Entregamos agora mais tr\u00eas andares, que ajudar\u00e3o a ampliar o atendimento aos pacientes em um dos melhores centros de excel\u00eancia do Brasil\u201d, destaca Alckmin.<\/p>\n<p>O Bloco III permitir\u00e1 a atualiza\u00e7\u00e3o tecnol\u00f3gica das especialidades, al\u00e9m de ampliar a estrutura de atendimento do Instituto do Cora\u00e7\u00e3o, com aperfei\u00e7oamento da assist\u00eancia ao paciente e das condi\u00e7\u00f5es de trabalho das equipes. O espa\u00e7o est\u00e1 interligado ao Bloco I do Incor e, por meio desse, ao Bloco II.<\/p>\n<p>A integra\u00e7\u00e3o das unidades de diagn\u00f3stico do hospital, cir\u00fargicas e de interna\u00e7\u00e3o, que est\u00e3o distribu\u00eddas entre os outros dois blocos, agiliza os processos de atendimento, com maior seguran\u00e7a, conforto e humaniza\u00e7\u00e3o para o paciente e as equipes. A obra tem uma \u00e1rea total de 6.500 m\u00b2.<\/p>\n<p>Funcionamento<\/p>\n<p>Ap\u00f3s a entrega, o edif\u00edcio ser\u00e1 mobiliado e ter\u00e1 os equipamentos instalados, com previs\u00e3o de in\u00edcio de funcionamento em maio. Na \u00e1rea tamb\u00e9m est\u00e3o o novo pronto-socorro, que foi completamente reformado e equipado, j\u00e1 em pleno funcionamento, e o novo Centro de Medicina Nuclear, que atende em um espa\u00e7o mais moderno e com equipamentos de ponta.<\/p>\n<p>O Bloco III conta com Data Center, Central de Utilidades e Central de Material Esterilizado. \u201c\u00c9 com grande satisfa\u00e7\u00e3o que vemos uma obra t\u00e3o importante ser conclu\u00edda. Os ganhos para pacientes, familiares e colaboradores do Incor ser\u00e3o enormes. Uma unidade mais moderna e eficiente ser\u00e1 entregue \u00e0 popula\u00e7\u00e3o\u201d, afirma o secret\u00e1rio de Estado da Sa\u00fade, David Uip.<\/p>\n<p>Com as novas instala\u00e7\u00f5es, ser\u00e1 poss\u00edvel ampliar em mais de 100% o n\u00famero de endoscopias digestivas, passando de 80 para 180 por m\u00eas. A quantidade de bi\u00f3psias em pacientes ap\u00f3s o transplante passar\u00e1 de 45 para 90 por m\u00eas e a produ\u00e7\u00e3o de angioplastias e cateterismos aumentar\u00e1 em 25%, chegando a 3 mil procedimentos por ano.<\/p>\n<p>J\u00e1 a nova \u00e1rea para o Hospital Dia permitir\u00e1 o aumento da capacidade de atendimento em cerca de 50%, passando dos atuais 323 para cerca de 480. O centro de Medicina Nuclear passou por reforma estrutural e amplia\u00e7\u00e3o de salas dedicadas a exames de stress cardiovascular e f\u00edsico, entre outros. O espa\u00e7o tem seis equipamentos de diagn\u00f3stico, incluindo a nova c\u00e2mara D-SPECT, mais sens\u00edvel e precisa, capaz de realizar exames em menos tempo, com radia\u00e7\u00e3o menor e na posi\u00e7\u00e3o sentada.<\/p>\n<p>Do Portal do Governo SP<\/p>\n","protected":false},"excerpt":{"rendered":"<p>O governador Geraldo Alckmin entregou as novas instala\u00e7\u00f5es do Bloco III do Instituto do Cora\u00e7\u00e3o do Hospital das Cl\u00ednicas da Faculdade de Medicina da USP. O edif\u00edcio, que recebeu investimentos de R$ 58 milh\u00f5es do Governo do Estado, oferecer\u00e1 os servi\u00e7os do Hospital Dia, Central de Endoscopia Digestiva e Respirat\u00f3ria, Unidade de Interna\u00e7\u00e3o do Servi\u00e7o [&hellip;]<\/p>\n","protected":false},"author":2,"featured_media":57579,"comment_status":"open","ping_status":"closed","sticky":false,"template":"","format":"standard","meta":{"tdm_status":"","tdm_grid_status":"","footnotes":""},"categories":[22,5],"tags":[],"class_list":{"0":"post-137616","1":"post","2":"type-post","3":"status-publish","4":"format-standard","5":"has-post-thumbnail","7":"category-brasil","8":"category-saude-e-vida"},"_links":{"self":[{"href":"https:\/\/migracao.redenoticia.com.br\/noticia\/wp-json\/wp\/v2\/posts\/137616","targetHints":{"allow":["GET"]}}],"collection":[{"href":"https:\/\/migracao.redenoticia.com.br\/noticia\/wp-json\/wp\/v2\/posts"}],"about":[{"href":"https:\/\/migracao.redenoticia.com.br\/noticia\/wp-json\/wp\/v2\/types\/post"}],"author":[{"embeddable":true,"href":"https:\/\/migracao.redenoticia.com.br\/noticia\/wp-json\/wp\/v2\/users\/2"}],"replies":[{"embeddable":true,"href":"https:\/\/migracao.redenoticia.com.br\/noticia\/wp-json\/wp\/v2\/comments?post=137616"}],"version-history":[{"count":0,"href":"https:\/\/migracao.redenoticia.com.br\/noticia\/wp-json\/wp\/v2\/posts\/137616\/revisions"}],"wp:featuredmedia":[{"embeddable":true,"href":"https:\/\/migracao.redenoticia.com.br\/noticia\/wp-json\/wp\/v2\/media\/57579"}],"wp:attachment":[{"href":"https:\/\/migracao.redenoticia.com.br\/noticia\/wp-json\/wp\/v2\/media?parent=137616"}],"wp:term":[{"taxonomy":"category","embeddable":true,"href":"https:\/\/migracao.redenoticia.com.br\/noticia\/wp-json\/wp\/v2\/categories?post=137616"},{"taxonomy":"post_tag","embeddable":true,"href":"https:\/\/migracao.redenoticia.com.br\/noticia\/wp-json\/wp\/v2\/tags?post=137616"}],"curies":[{"name":"wp","href":"https:\/\/api.w.org\/{rel}","templated":true}]}}