{"id":137618,"date":"2018-03-22T00:06:08","date_gmt":"2018-03-22T03:06:08","guid":{"rendered":"https:\/\/www.redenoticia.com.br\/noticia\/?p=137618"},"modified":"2018-03-21T14:32:14","modified_gmt":"2018-03-21T17:32:14","slug":"secretaria-da-educacao-sp-tera-concurso-para-supervisores-de-ensino","status":"publish","type":"post","link":"https:\/\/migracao.redenoticia.com.br\/noticia\/2018\/secretaria-da-educacao-sp-tera-concurso-para-supervisores-de-ensino\/137618","title":{"rendered":"Secretaria da Educa\u00e7\u00e3o SP ter\u00e1 concurso para supervisores de ensino"},"content":{"rendered":"<p> A Secretaria da Educa\u00e7\u00e3o do Estado de S\u00e3o Paulo j\u00e1 pode adotar as provid\u00eancias necess\u00e1rias para a realiza\u00e7\u00e3o do <strong><em>concurso p\u00fablico para supervisores de ensino<\/em><\/strong>. Despacho do governador Geraldo Alckmin foi publicado no Di\u00e1rio Oficial desta ter\u00e7a-feira (20) e prev\u00ea o preenchimento de 372 vagas no cargo.<\/p>\n<p>Supervisor de ensino \u00e9 o profissional que atua na an\u00e1lise dos indicadores educacionais das unidades, participa do plano de trabalho da Diretoria de Ensino, identifica necessidades de forma\u00e7\u00e3o continuada e acompanha o funcionamento das escolas, entre outras atribui\u00e7\u00f5es.<\/p>\n<p>A disponibilidade de vagas ser\u00e1 definida de acordo com a necessidade das 91 Diretorias de Ensino. O sal\u00e1rio base para o cargo \u00e9 de R$ 3.273,08, adicionados a R$ 994,00 de gratifica\u00e7\u00e3o.<\/p>\n<p>Convoca\u00e7\u00e3o de professores<\/p>\n<p>No \u00faltimo dia 9, o governador tamb\u00e9m autorizou a convoca\u00e7\u00e3o de 2.108 professores de anos iniciais do Ensino Fundamental (PEB I), para preenchimento de vagas remanescentes. Chamada, que acontece em abril, contempla docentes que participaram de certame promovido pela Secretaria de Educa\u00e7\u00e3o do Estado, em 2015.<\/p>\n<p>Do Portal do Governo SP<\/p>\n","protected":false},"excerpt":{"rendered":"<p>A Secretaria da Educa\u00e7\u00e3o do Estado de S\u00e3o Paulo j\u00e1 pode adotar as provid\u00eancias necess\u00e1rias para a realiza\u00e7\u00e3o do concurso p\u00fablico para supervisores de ensino. Despacho do governador Geraldo Alckmin foi publicado no Di\u00e1rio Oficial desta ter\u00e7a-feira (20) e prev\u00ea o preenchimento de 372 vagas no cargo. Supervisor de ensino \u00e9 o profissional que atua [&hellip;]<\/p>\n","protected":false},"author":2,"featured_media":28960,"comment_status":"open","ping_status":"closed","sticky":false,"template":"","format":"standard","meta":{"tdm_status":"","tdm_grid_status":"","footnotes":""},"categories":[22,352,370],"tags":[],"class_list":{"0":"post-137618","1":"post","2":"type-post","3":"status-publish","4":"format-standard","5":"has-post-thumbnail","7":"category-brasil","8":"category-concursos","9":"category-inscricao"},"_links":{"self":[{"href":"https:\/\/migracao.redenoticia.com.br\/noticia\/wp-json\/wp\/v2\/posts\/137618","targetHints":{"allow":["GET"]}}],"collection":[{"href":"https:\/\/migracao.redenoticia.com.br\/noticia\/wp-json\/wp\/v2\/posts"}],"about":[{"href":"https:\/\/migracao.redenoticia.com.br\/noticia\/wp-json\/wp\/v2\/types\/post"}],"author":[{"embeddable":true,"href":"https:\/\/migracao.redenoticia.com.br\/noticia\/wp-json\/wp\/v2\/users\/2"}],"replies":[{"embeddable":true,"href":"https:\/\/migracao.redenoticia.com.br\/noticia\/wp-json\/wp\/v2\/comments?post=137618"}],"version-history":[{"count":0,"href":"https:\/\/migracao.redenoticia.com.br\/noticia\/wp-json\/wp\/v2\/posts\/137618\/revisions"}],"wp:featuredmedia":[{"embeddable":true,"href":"https:\/\/migracao.redenoticia.com.br\/noticia\/wp-json\/wp\/v2\/media\/28960"}],"wp:attachment":[{"href":"https:\/\/migracao.redenoticia.com.br\/noticia\/wp-json\/wp\/v2\/media?parent=137618"}],"wp:term":[{"taxonomy":"category","embeddable":true,"href":"https:\/\/migracao.redenoticia.com.br\/noticia\/wp-json\/wp\/v2\/categories?post=137618"},{"taxonomy":"post_tag","embeddable":true,"href":"https:\/\/migracao.redenoticia.com.br\/noticia\/wp-json\/wp\/v2\/tags?post=137618"}],"curies":[{"name":"wp","href":"https:\/\/api.w.org\/{rel}","templated":true}]}}