{"id":137619,"date":"2018-03-22T00:05:10","date_gmt":"2018-03-22T03:05:10","guid":{"rendered":"https:\/\/www.redenoticia.com.br\/noticia\/?p=137619"},"modified":"2018-03-21T14:32:10","modified_gmt":"2018-03-21T17:32:10","slug":"pos-doutorado-em-astrofisica-na-usp-com-bolsa-da-fapesp","status":"publish","type":"post","link":"https:\/\/migracao.redenoticia.com.br\/noticia\/2018\/pos-doutorado-em-astrofisica-na-usp-com-bolsa-da-fapesp\/137619","title":{"rendered":"P\u00f3s-doutorado em Astrof\u00edsica na USP com Bolsa da FAPESP"},"content":{"rendered":"<p> Ag\u00eancia FAPESP\u00a0\u2013 O Instituto de Astronomia, Geof\u00edsica e Ci\u00eancias Atmosf\u00e9ricas da Universidade de S\u00e3o Paulo (IAG-USP) tem uma vaga de <strong><em>p\u00f3s-doutorado<\/em><\/strong>, com Bolsa da FAPESP, no Projeto Tem\u00e1tico \u201c\u201d. Inscri\u00e7\u00f5es ser\u00e3o recebidas at\u00e9 23 de mar\u00e7o de 2018.<\/p>\n<p>O projeto investiga as Nuvens de Magalh\u00e3es e sua estreita liga\u00e7\u00e3o com a Via L\u00e1ctea. Pretende-se criar uma base de dados fotom\u00e9tricos (com complementa\u00e7\u00e3o espectrosc\u00f3pica) de aglomerados estelares para estudar a intera\u00e7\u00e3o entre as Nuvens de Magalh\u00e3es e a Via L\u00e1ctea, e seus efeitos na forma\u00e7\u00e3o e dissolu\u00e7\u00e3o de aglomerados.<\/p>\n<p>A bolsa tem dura\u00e7\u00e3o de dois anos. No primeiro ano, o bolsista far\u00e1 observa\u00e7\u00f5es de imagens fotom\u00e9tricas previstas e prepara\u00e7\u00e3o de novos pedidos de tempo de observa\u00e7\u00f5es, al\u00e9m de processamento e calibra\u00e7\u00e3o de dados.<\/p>\n<p>No segundo ano, publicar\u00e1 os dados parciais, com ampla discuss\u00e3o de suas implica\u00e7\u00f5es. Al\u00e9m disso, continuar\u00e1 a prepara\u00e7\u00e3o de novos pedidos de tempo de observa\u00e7\u00f5es e de processamento e calibra\u00e7\u00e3o de dados.<\/p>\n<p>Os interessados pela vaga dever\u00e3o se inscrever enviando e-mail para a professora coordenadora do projeto,\u00a0(b.barbuy@iag.usp.br).<\/p>\n<p>Mais informa\u00e7\u00f5es sobre a vaga est\u00e3o dispon\u00edveis em\u00a0.<\/p>\n<p>A vaga est\u00e1 aberta a brasileiros e estrangeiros. O selecionado receber\u00e1 Bolsa de P\u00f3s-Doutorado da FAPESP no valor de R$ 7.174,80 mensais e Reserva T\u00e9cnica. A Reserva T\u00e9cnica de Bolsa de PD equivale a 15% do valor anual da bolsa e tem o objetivo de atender a despesas imprevistas e diretamente relacionadas \u00e0 atividade de pesquisa.<\/p>\n<p>Caso o bolsista de PD resida em domic\u00edlio diferente e precise se mudar para a cidade onde se localiza a institui\u00e7\u00e3o-sede da pesquisa, poder\u00e1 ter direito a um Aux\u00edlio-Instala\u00e7\u00e3o. Mais informa\u00e7\u00f5es sobre a Bolsa de P\u00f3s-Doutorado da FAPESP est\u00e3o dispon\u00edveis em\u00a0.<\/p>\n<p>Outras vagas de bolsas, em diversas \u00e1reas do conhecimento, est\u00e3o no site FAPESP-Oportunidades, em\u00a0.<\/p>\n","protected":false},"excerpt":{"rendered":"<p>Ag\u00eancia FAPESP\u00a0\u2013 O Instituto de Astronomia, Geof\u00edsica e Ci\u00eancias Atmosf\u00e9ricas da Universidade de S\u00e3o Paulo (IAG-USP) tem uma vaga de p\u00f3s-doutorado, com Bolsa da FAPESP, no Projeto Tem\u00e1tico \u201c\u201d. Inscri\u00e7\u00f5es ser\u00e3o recebidas at\u00e9 23 de mar\u00e7o de 2018. O projeto investiga as Nuvens de Magalh\u00e3es e sua estreita liga\u00e7\u00e3o com a Via L\u00e1ctea. Pretende-se criar [&hellip;]<\/p>\n","protected":false},"author":2,"featured_media":36246,"comment_status":"open","ping_status":"closed","sticky":false,"template":"","format":"standard","meta":{"tdm_status":"","tdm_grid_status":"","footnotes":""},"categories":[22,370,353],"tags":[],"class_list":{"0":"post-137619","1":"post","2":"type-post","3":"status-publish","4":"format-standard","5":"has-post-thumbnail","7":"category-brasil","8":"category-inscricao","9":"category-oportunidades"},"_links":{"self":[{"href":"https:\/\/migracao.redenoticia.com.br\/noticia\/wp-json\/wp\/v2\/posts\/137619","targetHints":{"allow":["GET"]}}],"collection":[{"href":"https:\/\/migracao.redenoticia.com.br\/noticia\/wp-json\/wp\/v2\/posts"}],"about":[{"href":"https:\/\/migracao.redenoticia.com.br\/noticia\/wp-json\/wp\/v2\/types\/post"}],"author":[{"embeddable":true,"href":"https:\/\/migracao.redenoticia.com.br\/noticia\/wp-json\/wp\/v2\/users\/2"}],"replies":[{"embeddable":true,"href":"https:\/\/migracao.redenoticia.com.br\/noticia\/wp-json\/wp\/v2\/comments?post=137619"}],"version-history":[{"count":0,"href":"https:\/\/migracao.redenoticia.com.br\/noticia\/wp-json\/wp\/v2\/posts\/137619\/revisions"}],"wp:featuredmedia":[{"embeddable":true,"href":"https:\/\/migracao.redenoticia.com.br\/noticia\/wp-json\/wp\/v2\/media\/36246"}],"wp:attachment":[{"href":"https:\/\/migracao.redenoticia.com.br\/noticia\/wp-json\/wp\/v2\/media?parent=137619"}],"wp:term":[{"taxonomy":"category","embeddable":true,"href":"https:\/\/migracao.redenoticia.com.br\/noticia\/wp-json\/wp\/v2\/categories?post=137619"},{"taxonomy":"post_tag","embeddable":true,"href":"https:\/\/migracao.redenoticia.com.br\/noticia\/wp-json\/wp\/v2\/tags?post=137619"}],"curies":[{"name":"wp","href":"https:\/\/api.w.org\/{rel}","templated":true}]}}