{"id":137633,"date":"2018-03-22T12:49:42","date_gmt":"2018-03-22T15:49:42","guid":{"rendered":"https:\/\/www.redenoticia.com.br\/noticia\/?p=137633"},"modified":"2018-03-23T20:48:13","modified_gmt":"2018-03-23T23:48:13","slug":"novela-os-dez-mandamentos-resumo-23-03-moises-recebe-a-visita-de-nefertari","status":"publish","type":"post","link":"https:\/\/migracao.redenoticia.com.br\/noticia\/2018\/novela-os-dez-mandamentos-resumo-23-03-moises-recebe-a-visita-de-nefertari\/137633","title":{"rendered":"Novela \u201cOs Dez Mandamentos\u201d resumo 23\/03: a praga da morte dos primog\u00eanitos"},"content":{"rendered":"<p> <img loading=\"lazy\" decoding=\"async\" src=\"https:\/\/migracao.redenoticia.com.br\/noticia\/imagens\/resumo_novela_os_dez_mandamentos_record-150x112.jpg\" alt=\"\" width=\"150\" height=\"112\" class=\"alignleft size-thumbnail wp-image-68037\" srcset=\"https:\/\/migracao.redenoticia.com.br\/noticia\/imagens\/resumo_novela_os_dez_mandamentos_record-150x112.jpg 150w, https:\/\/migracao.redenoticia.com.br\/noticia\/imagens\/resumo_novela_os_dez_mandamentos_record-265x198.jpg 265w\" sizes=\"auto, (max-width: 150px) 100vw, 150px\" \/><em><strong>Novela \u201cOs Dez Mandamentos\u201d resumo 23\/03<\/strong><\/em>: no capitulo 174 (*) da novela \u201cOs Dez Mandamentos\u201d, sexta-feira, 23 de mar\u00e7o, Ar\u00e3o lamenta todo o sofrimento trazido junto com as pragas. Deus manda Mois\u00e9s seguir em sua miss\u00e3o. Joquebede desabafa com Miri\u00e3 e diz estar preocupada com o filho. Paser avisa a Simut que est\u00e1 procurando informa\u00e7\u00f5es sobre Jos\u00e9, o hebreu que governou o Egito. Confiantes, Nefertari e Rams\u00e9s trocam carinhos e elogios. Bezalel diz que ficou feliz com a presen\u00e7a de Uri no casamento. O joalheiro confessa para Gahiji que se considera um eg\u00edpcio. Rams\u00e9s conversa com Amenhotep e tenta reanimar o filho. <\/p>\n<p>Meketre vai at\u00e9 a casa de Apuki pedir por alimento. Mois\u00e9s chega at\u00e9 o pal\u00e1cio e pede para falar com o fara\u00f3. Ikeni impede a entrada dele. O libertador dos hebreus avisa que se n\u00e3o entrar ser\u00e1 imposs\u00edvel evitar a mais destruidora de todas as pragas. Na presen\u00e7a do fara\u00f3, Mois\u00e9s anuncia a \u00faltima praga. Ele avisa que todo primog\u00eanito do Egito morrer\u00e1. O rei fica furioso e o expulsa da sala do trono. Ikeni suplica para ser poupado da nova praga. Mois\u00e9s ent\u00e3o pede para o oficial acobert\u00e1-lo.<\/p>\n<p>O libertador dos escravos vai at\u00e9 o quarto de Nefertari. Ikeni alerta Karoma sobre o mal que ainda est\u00e1 por vir. Mois\u00e9s avisa a rainha que se o fara\u00f3 n\u00e3o libertar o povo hebreu, Amenhotep pagar\u00e1 com a vida. Ikeni tenta acalmar Karoma depois da not\u00edcia. Enquanto tenta fazer com que Nefertari conven\u00e7a o marido, Eles s\u00e3o surpreendidos com a chegada de Rams\u00e9s. O fara\u00f3 avisa que j\u00e1 tomou a decis\u00e3o e ordena que Mois\u00e9s deixe o pal\u00e1cio. Bakenmut diz que o rei deseja falar com Ikeni. Meketre mente para Tais ao dizer que conseguiu alimento com um mercador. Mois\u00e9s chega em casa e conta como foi o encontro com o soberano eg\u00edpcio. Ele avisa que Deus ceifar\u00e1 todos os primog\u00eanitos. O libertador pede para os familiares reunirem os hebreus na casa de Joquebede. Rams\u00e9s se re\u00fane com Ikeni e Bakenmut e diz que est\u00e3o em guerra. <\/p>\n<p>(*) edi\u00e7\u00e3o da Rede Record, Novela \u201cOs Dez Mandamentos\u201d, sujeito a altera\u00e7\u00e3o de data e conte\u00fado.<\/p>\n<p>\u201cOs Dez Mandamentos\u201d \u00e9 uma telenovela brasileira produzida e exibida pela RecordTV, tendo sua primeira temporada exibida entre 23 de mar\u00e7o e 23 de novembro de 2015 em 176 cap\u00edtulos, substituindo Vit\u00f3ria, e sendo substitu\u00edda pela reprise de Rei Davi. A segunda temporada foi produzida pela Casablanca e exibida de 04 de abril a 04 de julho de 2016 em 66 cap\u00edtulos, substituindo a reprise de Sans\u00e3o e Dalila e sendo substitu\u00edda por A Terra Prometida.<\/p>\n","protected":false},"excerpt":{"rendered":"<p>Novela \u201cOs Dez Mandamentos\u201d resumo 23\/03: no capitulo 174 (*) da novela \u201cOs Dez Mandamentos\u201d, sexta-feira, 23 de mar\u00e7o, Ar\u00e3o lamenta todo o sofrimento trazido junto com as pragas. Deus manda Mois\u00e9s seguir em sua miss\u00e3o. Joquebede desabafa com Miri\u00e3 e diz estar preocupada com o filho. Paser avisa a Simut que est\u00e1 procurando informa\u00e7\u00f5es [&hellip;]<\/p>\n","protected":false},"author":2,"featured_media":68037,"comment_status":"open","ping_status":"closed","sticky":false,"template":"","format":"standard","meta":{"tdm_status":"","tdm_grid_status":"","footnotes":""},"categories":[379,424,371,343],"tags":[441],"class_list":{"0":"post-137633","1":"post","2":"type-post","3":"status-publish","4":"format-standard","5":"has-post-thumbnail","7":"category-novelas","8":"category-os-dez-mandamentos","9":"category-rede-record","10":"category-televisao","11":"tag-resumo-do-dia"},"_links":{"self":[{"href":"https:\/\/migracao.redenoticia.com.br\/noticia\/wp-json\/wp\/v2\/posts\/137633","targetHints":{"allow":["GET"]}}],"collection":[{"href":"https:\/\/migracao.redenoticia.com.br\/noticia\/wp-json\/wp\/v2\/posts"}],"about":[{"href":"https:\/\/migracao.redenoticia.com.br\/noticia\/wp-json\/wp\/v2\/types\/post"}],"author":[{"embeddable":true,"href":"https:\/\/migracao.redenoticia.com.br\/noticia\/wp-json\/wp\/v2\/users\/2"}],"replies":[{"embeddable":true,"href":"https:\/\/migracao.redenoticia.com.br\/noticia\/wp-json\/wp\/v2\/comments?post=137633"}],"version-history":[{"count":0,"href":"https:\/\/migracao.redenoticia.com.br\/noticia\/wp-json\/wp\/v2\/posts\/137633\/revisions"}],"wp:featuredmedia":[{"embeddable":true,"href":"https:\/\/migracao.redenoticia.com.br\/noticia\/wp-json\/wp\/v2\/media\/68037"}],"wp:attachment":[{"href":"https:\/\/migracao.redenoticia.com.br\/noticia\/wp-json\/wp\/v2\/media?parent=137633"}],"wp:term":[{"taxonomy":"category","embeddable":true,"href":"https:\/\/migracao.redenoticia.com.br\/noticia\/wp-json\/wp\/v2\/categories?post=137633"},{"taxonomy":"post_tag","embeddable":true,"href":"https:\/\/migracao.redenoticia.com.br\/noticia\/wp-json\/wp\/v2\/tags?post=137633"}],"curies":[{"name":"wp","href":"https:\/\/api.w.org\/{rel}","templated":true}]}}