{"id":137650,"date":"2018-03-21T15:33:35","date_gmt":"2018-03-21T18:33:35","guid":{"rendered":"https:\/\/www.redenoticia.com.br\/noticia\/?p=137650"},"modified":"2018-03-21T15:33:35","modified_gmt":"2018-03-21T18:33:35","slug":"resumo-novela-chiquititas-22-03-miguel-consegue-fugir-do-cativeiro","status":"publish","type":"post","link":"https:\/\/migracao.redenoticia.com.br\/noticia\/2018\/resumo-novela-chiquititas-22-03-miguel-consegue-fugir-do-cativeiro\/137650","title":{"rendered":"Resumo novela \u201cChiquititas\u201d 22\/03: Miguel consegue fugir do cativeiro"},"content":{"rendered":"<p><img loading=\"lazy\" decoding=\"async\" class=\"alignleft size-thumbnail wp-image-49690\" src=\"https:\/\/migracao.redenoticia.com.br\/noticia\/imagens\/chiquititas1-150x112.jpg\" alt=\"chiquititas\" width=\"150\" height=\"112\" \/><strong><em>Resumo novela \u201cChiquititas\u201d 22\/03<\/em><\/strong>: no cap\u00edtulo 398(*) da novela \u201cChiquititas\u201d, resumo de quinta-feira, 22 de mar\u00e7o, Carol chama a aten\u00e7\u00e3o de Dani pelo que ela fez. Pa\u00e7oca pega a cachorra Pipoca e diz que toda comida que tiver dividir\u00e1 com ela. No orfanato, todos est\u00e3o tristes por Pa\u00e7oca ter sumido com a mascote deles. Junior e Andr\u00e9ia contam a verdade para Diego, que n\u00e3o gosta de saber que foi enganado e que Junior \u00e9 seu pai. Francis segue Tobias e o v\u00ea num restaurante com uma mulher. O barista avisa Maria Cec\u00edlia, por\u00e9m ele n\u00e3o sabe que se trata da irm\u00e3 de Tobias. Maria Cec\u00edlia passa a pensar que Tobias possui uma amante e fica furiosa. Pa\u00e7oca decide mudar o nome da Pipoca para Farofa. Maria Cec\u00edlia chega ao restaurante e percebe que se trata da irm\u00e3 de Tobias, Tamiris. Marian continua atormentando Mili, ao ficar andando em volta dela sem dizer quem \u00e9. Na fazenda, os capangas de Carmen maltratam Miguel. Mili diz para Cris, Pata e Bia que voltaram a atorment\u00e1-la. Cris diz que Mili precisa se atentar mais ao olfato pra descobrir quem \u00e9. Finalmente Miguel consegue se soltar das amarras na fazenda onde \u00e9 mantido prisioneiro e foge. Antes disso, ele coloca fogo onde estava sendo mantido ref\u00e9m para que pensem que est\u00e1 morto. Rafa, Binho e Thiago dizem que Neco falava o nome de L\u00facia enquanto dormia e perguntam quem \u00e9 a menina. Neco diz que \u00e9 apenas uma garota da escola. Miguel chega na mesma casa do casal, Joaquim e Elisa, que socorreu Gabriela ap\u00f3s o acidente que resultou na perca de sua mem\u00f3ria. Miguel desmaia assim que chega na casa. Neco diz para os amigos que L\u00facia, na verdade, \u00e9 sua amiga imagin\u00e1ria. Marian ganha o papel de Julieta e Pata n\u00e3o gosta. Cintia e Carmen levam Armando para tentar abrir a porta no por\u00e3o do orfanato, que pode levar ao tesouro. Armando tenta diversas t\u00e9cnicas para abrir a porta.<\/p>\n<p>(*) edi\u00e7\u00e3o do SBT, Novela \u201cChiquititas\u201d, sujeito a altera\u00e7\u00e3o de data e conte\u00fado.<\/p>\n<p>Chiquititas gira em torno do orfanato Raio de Luz, que carrega em sua hist\u00f3ria um grande segredo envolvendo a fam\u00edlia e o dono do orfanato, Dr. Jos\u00e9 Ricardo Almeida Campos. Em um per\u00edodo anterior \u00e0 novela, exatos treze anos, sua filha Gabriela se apaixonou e ficou gr\u00e1vida de Miguel, filho de Valentina, empregada da casa dos Almeida Campos. Pouco depois, Jos\u00e9 Ricardo sequestrou sua neta, pois, como um homem conservador, ele n\u00e3o aceitava a ideia de que sua filha se envolvesse com um empregado. Como sua neta, Milena, apelidada como Mili, precisava de um lugar para morar, ele comprou um casar\u00e3o e fundou um orfanato, o Raio de Luz. Mili cresceu l\u00e1 com outras garotas que chegaram posteriormente: Bia, Ana, as irm\u00e3s Tati e Vivi, e Cris. Ao decorrer dos anos, elas se tornam uma fam\u00edlia. Elas s\u00e3o supervisionadas por Ernestina, zeladora do orfanato, e Chico, o cozinheiro amado pelas internas. Sofia, ex-governanta da fam\u00edlia Almeida Campos, \u00e9 a diretora do lugar, at\u00e9 que Carmem, irm\u00e3 de Jos\u00e9 Ricardo, entre em seu lugar. Chegam ainda mais \u00f3rf\u00e3os: Pata, Mosca, Binho e Rafa, que viviam nas ruas antes de entrarem na institui\u00e7\u00e3o. Pata e Mili tornam-se amigas rapidamente, enquanto Mosca, Binho e Rafa s\u00e3o os primeiros garotos a entrar no abrigo. As crian\u00e7as sem-teto foram ajudadas por uma doce e bela garota que tocam e mudam a vida delas, assim como as das garotas \u00f3rf\u00e3s.<\/p>\n","protected":false},"excerpt":{"rendered":"<p>Resumo novela \u201cChiquititas\u201d 22\/03: no cap\u00edtulo 398(*) da novela \u201cChiquititas\u201d, resumo de quinta-feira, 22 de mar\u00e7o, Carol chama a aten\u00e7\u00e3o de Dani pelo que ela fez. Pa\u00e7oca pega a cachorra Pipoca e diz que toda comida que tiver dividir\u00e1 com ela. No orfanato, todos est\u00e3o tristes por Pa\u00e7oca ter sumido com a mascote deles. Junior [&hellip;]<\/p>\n","protected":false},"author":4,"featured_media":49690,"comment_status":"open","ping_status":"closed","sticky":false,"template":"","format":"standard","meta":{"tdm_status":"","tdm_grid_status":"","footnotes":""},"categories":[409,379,372,343],"tags":[441],"class_list":{"0":"post-137650","1":"post","2":"type-post","3":"status-publish","4":"format-standard","5":"has-post-thumbnail","7":"category-chiquititas","8":"category-novelas","9":"category-sbt","10":"category-televisao","11":"tag-resumo-do-dia"},"_links":{"self":[{"href":"https:\/\/migracao.redenoticia.com.br\/noticia\/wp-json\/wp\/v2\/posts\/137650","targetHints":{"allow":["GET"]}}],"collection":[{"href":"https:\/\/migracao.redenoticia.com.br\/noticia\/wp-json\/wp\/v2\/posts"}],"about":[{"href":"https:\/\/migracao.redenoticia.com.br\/noticia\/wp-json\/wp\/v2\/types\/post"}],"author":[{"embeddable":true,"href":"https:\/\/migracao.redenoticia.com.br\/noticia\/wp-json\/wp\/v2\/users\/4"}],"replies":[{"embeddable":true,"href":"https:\/\/migracao.redenoticia.com.br\/noticia\/wp-json\/wp\/v2\/comments?post=137650"}],"version-history":[{"count":0,"href":"https:\/\/migracao.redenoticia.com.br\/noticia\/wp-json\/wp\/v2\/posts\/137650\/revisions"}],"wp:featuredmedia":[{"embeddable":true,"href":"https:\/\/migracao.redenoticia.com.br\/noticia\/wp-json\/wp\/v2\/media\/49690"}],"wp:attachment":[{"href":"https:\/\/migracao.redenoticia.com.br\/noticia\/wp-json\/wp\/v2\/media?parent=137650"}],"wp:term":[{"taxonomy":"category","embeddable":true,"href":"https:\/\/migracao.redenoticia.com.br\/noticia\/wp-json\/wp\/v2\/categories?post=137650"},{"taxonomy":"post_tag","embeddable":true,"href":"https:\/\/migracao.redenoticia.com.br\/noticia\/wp-json\/wp\/v2\/tags?post=137650"}],"curies":[{"name":"wp","href":"https:\/\/api.w.org\/{rel}","templated":true}]}}