{"id":1377,"date":"2009-05-08T00:50:23","date_gmt":"2009-05-08T04:50:23","guid":{"rendered":"http:\/\/www.redenoticia.com.br\/noticia\/?p=1377"},"modified":"2009-05-08T01:14:47","modified_gmt":"2009-05-08T05:14:47","slug":"fecomind-supera-as-expectativas","status":"publish","type":"post","link":"https:\/\/migracao.redenoticia.com.br\/noticia\/2009\/fecomind-supera-as-expectativas\/1377","title":{"rendered":"FECOMIND supera as expectativas"},"content":{"rendered":"<p>Veja o video aqui.<\/p>\n<p>A abertura da 1\u00aa FECOMIND foi sucesso de p\u00fablico em Ji-Paran\u00e1.<\/p>\n<p>Empres\u00e1rios e Pol\u00edticos de todas as esferas prestigiaram a inaugura\u00e7\u00e3o e visitaram os expositores.<\/p>\n<p>\u00a0<\/p>\n<p><span>[wpyt_profile2]mkCKlmbyHpg[\/wpyt_profile2]<br \/>\n<\/span><\/p>\n","protected":false},"excerpt":{"rendered":"<p>Veja o video aqui. A abertura da 1\u00aa FECOMIND foi sucesso de p\u00fablico em Ji-Paran\u00e1. Empres\u00e1rios e Pol\u00edticos de todas as esferas prestigiaram a inaugura\u00e7\u00e3o e visitaram os expositores. \u00a0 [wpyt_profile2]mkCKlmbyHpg[\/wpyt_profile2]<\/p>\n","protected":false},"author":3,"featured_media":0,"comment_status":"open","ping_status":"open","sticky":false,"template":"","format":"standard","meta":{"tdm_status":"","tdm_grid_status":"","footnotes":""},"categories":[22],"tags":[],"class_list":{"0":"post-1377","1":"post","2":"type-post","3":"status-publish","4":"format-standard","6":"category-brasil"},"_links":{"self":[{"href":"https:\/\/migracao.redenoticia.com.br\/noticia\/wp-json\/wp\/v2\/posts\/1377","targetHints":{"allow":["GET"]}}],"collection":[{"href":"https:\/\/migracao.redenoticia.com.br\/noticia\/wp-json\/wp\/v2\/posts"}],"about":[{"href":"https:\/\/migracao.redenoticia.com.br\/noticia\/wp-json\/wp\/v2\/types\/post"}],"author":[{"embeddable":true,"href":"https:\/\/migracao.redenoticia.com.br\/noticia\/wp-json\/wp\/v2\/users\/3"}],"replies":[{"embeddable":true,"href":"https:\/\/migracao.redenoticia.com.br\/noticia\/wp-json\/wp\/v2\/comments?post=1377"}],"version-history":[{"count":0,"href":"https:\/\/migracao.redenoticia.com.br\/noticia\/wp-json\/wp\/v2\/posts\/1377\/revisions"}],"wp:attachment":[{"href":"https:\/\/migracao.redenoticia.com.br\/noticia\/wp-json\/wp\/v2\/media?parent=1377"}],"wp:term":[{"taxonomy":"category","embeddable":true,"href":"https:\/\/migracao.redenoticia.com.br\/noticia\/wp-json\/wp\/v2\/categories?post=1377"},{"taxonomy":"post_tag","embeddable":true,"href":"https:\/\/migracao.redenoticia.com.br\/noticia\/wp-json\/wp\/v2\/tags?post=1377"}],"curies":[{"name":"wp","href":"https:\/\/api.w.org\/{rel}","templated":true}]}}