{"id":137709,"date":"2018-03-22T17:48:30","date_gmt":"2018-03-22T20:48:30","guid":{"rendered":"https:\/\/www.redenoticia.com.br\/noticia\/?p=137709"},"modified":"2018-03-22T17:48:30","modified_gmt":"2018-03-22T20:48:30","slug":"resumo-novela-orgulho-e-paixao-23-03-romulo-oferece-flores-a-cecilia","status":"publish","type":"post","link":"https:\/\/migracao.redenoticia.com.br\/noticia\/2018\/resumo-novela-orgulho-e-paixao-23-03-romulo-oferece-flores-a-cecilia\/137709","title":{"rendered":"Resumo novela \u201cOrgulho e Paix\u00e3o\u201d 23\/03: R\u00f4mulo oferece flores a Cec\u00edlia"},"content":{"rendered":"<p> <img loading=\"lazy\" decoding=\"async\" src=\"https:\/\/migracao.redenoticia.com.br\/noticia\/imagens\/orgulho-e-paixao-novela-globo-resumo-Foto-Joao-Miguel-junior-tv-globo-150x112.jpg\" alt=\"\" width=\"150\" height=\"112\" class=\"alignleft size-thumbnail wp-image-134200\" srcset=\"https:\/\/migracao.redenoticia.com.br\/noticia\/imagens\/orgulho-e-paixao-novela-globo-resumo-Foto-Joao-Miguel-junior-tv-globo-150x112.jpg 150w, https:\/\/migracao.redenoticia.com.br\/noticia\/imagens\/orgulho-e-paixao-novela-globo-resumo-Foto-Joao-Miguel-junior-tv-globo-265x198.jpg 265w\" sizes=\"auto, (max-width: 150px) 100vw, 150px\" \/><strong><em>Resumo novela \u201cOrgulho e Paix\u00e3o\u201d 23\/03<\/em><\/strong>: no cap\u00edtulo 004(*) da novela \u201cOrgulho e Paix\u00e3o\u201d, resumo de sexta-feira, 23 de mar\u00e7o, Elisabeta confronta Darcy. Jorge n\u00e3o consegue se declarar para Ema. Jane adoece e Camilo pede que a deixe cuidar dela. Susana se incomoda com a perman\u00eancia de Jane e Elisabeta na casa de Camilo. R\u00f4mulo afirma que deseja conversar com Cec\u00edlia. Of\u00e9lia comemora o sucesso de seu plano para aproximar Jane de Camilo. Ema fala do interesse de Brand\u00e3o por Mariana. Elisabeta se irrita com Darcy e pede que Jane a acompanhe de volta \u00e0 sua casa. Jorge se desculpa com Brand\u00e3o por ter exagerado na descri\u00e7\u00e3o do interesse do coronel por Mariana. R\u00f4mulo oferece flores a Cec\u00edlia. Pet\u00falia alerta Susana sobre a tens\u00e3o entre Darcy e Elisabeta. Cec\u00edlia comenta com Mariana que acredita que a m\u00e3e de R\u00f4mulo tenha sido assassinada. O estado de sa\u00fade de Jane piora e Darcy e Elisabeta v\u00e3o atr\u00e1s do Dr. Jonatas.  O carro de Darcy fica atolado na lama, no meio da tempestade. <\/p>\n<p>(*) edi\u00e7\u00e3o da Rede Globo, Novela \u201cOrgulho e Paix\u00e3o\u201d, sujeito a altera\u00e7\u00e3o de data e conte\u00fado. <\/p>\n<p>No fict\u00edcio Vale do Caf\u00e9, interior de S\u00e3o Paulo, nossos personagens vivem seus conflitos sociais e de conduta, que sempre se contrap\u00f5em aos desejos pessoais de cada um. Elisabeta (Nathalia Dill) \u00e9 uma mulher \u00e0 frente do seu tempo, com pensamentos igualit\u00e1rios e interesses at\u00edpicos para uma jovem do in\u00edcio do s\u00e9culo XX. Ela deseja trabalhar, conhecer o mundo e \u00e9 incentivada a realizar seus sonhos pelo pai, Felisberto (Tato Gabus Mendes), que vive \u00e0s turras com a mulher, Of\u00e9lia (Vera Holtz), por pensarem diferente sobre a cria\u00e7\u00e3o das filhas. Ao todo, o casal teve cinco mulheres, e cada uma com uma personalidade diferente. <\/p>\n<p>A personagem de Nathalia Dill entrar\u00e1 em conflito quando se apaixonar por Darcy (Thiago Lacerda), um homem de car\u00e1ter e muito sisudo. O amor n\u00e3o \u00e9 \u00e0 primeira vista, j\u00e1 que os dois n\u00e3o se entendem assim que se conhecem. O sentimento de repulsa dar\u00e1 lugar a uma grande paix\u00e3o, que ser\u00e1 negada pelo casal o m\u00e1ximo poss\u00edvel.<\/p>\n","protected":false},"excerpt":{"rendered":"<p>Resumo novela \u201cOrgulho e Paix\u00e3o\u201d 23\/03: no cap\u00edtulo 004(*) da novela \u201cOrgulho e Paix\u00e3o\u201d, resumo de sexta-feira, 23 de mar\u00e7o, Elisabeta confronta Darcy. Jorge n\u00e3o consegue se declarar para Ema. Jane adoece e Camilo pede que a deixe cuidar dela. Susana se incomoda com a perman\u00eancia de Jane e Elisabeta na casa de Camilo. R\u00f4mulo [&hellip;]<\/p>\n","protected":false},"author":2,"featured_media":134200,"comment_status":"open","ping_status":"closed","sticky":false,"template":"","format":"standard","meta":{"tdm_status":"","tdm_grid_status":"","footnotes":""},"categories":[379,467,375,343],"tags":[441],"class_list":{"0":"post-137709","1":"post","2":"type-post","3":"status-publish","4":"format-standard","5":"has-post-thumbnail","7":"category-novelas","8":"category-orgulho-e-paixao","9":"category-rede-globo","10":"category-televisao","11":"tag-resumo-do-dia"},"_links":{"self":[{"href":"https:\/\/migracao.redenoticia.com.br\/noticia\/wp-json\/wp\/v2\/posts\/137709","targetHints":{"allow":["GET"]}}],"collection":[{"href":"https:\/\/migracao.redenoticia.com.br\/noticia\/wp-json\/wp\/v2\/posts"}],"about":[{"href":"https:\/\/migracao.redenoticia.com.br\/noticia\/wp-json\/wp\/v2\/types\/post"}],"author":[{"embeddable":true,"href":"https:\/\/migracao.redenoticia.com.br\/noticia\/wp-json\/wp\/v2\/users\/2"}],"replies":[{"embeddable":true,"href":"https:\/\/migracao.redenoticia.com.br\/noticia\/wp-json\/wp\/v2\/comments?post=137709"}],"version-history":[{"count":0,"href":"https:\/\/migracao.redenoticia.com.br\/noticia\/wp-json\/wp\/v2\/posts\/137709\/revisions"}],"wp:featuredmedia":[{"embeddable":true,"href":"https:\/\/migracao.redenoticia.com.br\/noticia\/wp-json\/wp\/v2\/media\/134200"}],"wp:attachment":[{"href":"https:\/\/migracao.redenoticia.com.br\/noticia\/wp-json\/wp\/v2\/media?parent=137709"}],"wp:term":[{"taxonomy":"category","embeddable":true,"href":"https:\/\/migracao.redenoticia.com.br\/noticia\/wp-json\/wp\/v2\/categories?post=137709"},{"taxonomy":"post_tag","embeddable":true,"href":"https:\/\/migracao.redenoticia.com.br\/noticia\/wp-json\/wp\/v2\/tags?post=137709"}],"curies":[{"name":"wp","href":"https:\/\/api.w.org\/{rel}","templated":true}]}}