{"id":137724,"date":"2018-03-23T00:06:56","date_gmt":"2018-03-23T03:06:56","guid":{"rendered":"https:\/\/www.redenoticia.com.br\/noticia\/?p=137724"},"modified":"2018-03-22T18:11:13","modified_gmt":"2018-03-22T21:11:13","slug":"mestrado-em-neurociencias-com-bolsa-da-fapesp","status":"publish","type":"post","link":"https:\/\/migracao.redenoticia.com.br\/noticia\/2018\/mestrado-em-neurociencias-com-bolsa-da-fapesp\/137724","title":{"rendered":"Mestrado em neuroci\u00eancias com Bolsa da FAPESP"},"content":{"rendered":"<p> Ag\u00eancia FAPESP\u00a0\u2013 Uma oportunidade de <strong><em>mestrado<\/em><\/strong>, com Bolsa da FAPESP, est\u00e1 dispon\u00edvel na Faculdade de Filosofia, Ci\u00eancias e Letras de Ribeir\u00e3o Preto da USP junto ao Projeto Tem\u00e1tico \u201c\u201d. O prazo de inscri\u00e7\u00e3o termina no dia 23 de mar\u00e7o de 2018.<\/p>\n<p>O projeto visa estudar altera\u00e7\u00f5es comportamentais, imunocitoqu\u00edmicas e eletrofisiol\u00f3gicas que ocorrem durante as discinesias induzidas pela L-DOPA no modelo animal da doen\u00e7a de Parkinson induzido pela 6-OHDA. Ser\u00e1 estudado, principalmente, o papel das enzimas \u00f3xido n\u00edtrico sintase neuronal e fosfodiesterase 10A na transmiss\u00e3o da via c\u00f3rtico-estriatal.<\/p>\n<p>Os candidatos dever\u00e3o enviar curr\u00edculo atualizado para o e-mail do professor coordenador do projeto,\u00a0\u00a0(ferpadovan@usp.br). Os candidatos selecionados ser\u00e3o entrevistados, pessoalmente ou via Skype.<\/p>\n<p>Mais informa\u00e7\u00f5es sobre a vaga est\u00e3o dispon\u00edveis em\u00a0.<\/p>\n<p>Para informa\u00e7\u00f5es sobre bolsas de mestrado acesse\u00a0.<\/p>\n<p>Outras vagas de bolsas, em diversas \u00e1reas do conhecimento, est\u00e3o no site FAPESP-Oportunidades, em\u00a0.<\/p>\n","protected":false},"excerpt":{"rendered":"<p>Ag\u00eancia FAPESP\u00a0\u2013 Uma oportunidade de mestrado, com Bolsa da FAPESP, est\u00e1 dispon\u00edvel na Faculdade de Filosofia, Ci\u00eancias e Letras de Ribeir\u00e3o Preto da USP junto ao Projeto Tem\u00e1tico \u201c\u201d. O prazo de inscri\u00e7\u00e3o termina no dia 23 de mar\u00e7o de 2018. O projeto visa estudar altera\u00e7\u00f5es comportamentais, imunocitoqu\u00edmicas e eletrofisiol\u00f3gicas que ocorrem durante as discinesias [&hellip;]<\/p>\n","protected":false},"author":2,"featured_media":37376,"comment_status":"open","ping_status":"closed","sticky":false,"template":"","format":"standard","meta":{"tdm_status":"","tdm_grid_status":"","footnotes":""},"categories":[22,351,370],"tags":[],"class_list":{"0":"post-137724","1":"post","2":"type-post","3":"status-publish","4":"format-standard","5":"has-post-thumbnail","7":"category-brasil","8":"category-cursos","9":"category-inscricao"},"_links":{"self":[{"href":"https:\/\/migracao.redenoticia.com.br\/noticia\/wp-json\/wp\/v2\/posts\/137724","targetHints":{"allow":["GET"]}}],"collection":[{"href":"https:\/\/migracao.redenoticia.com.br\/noticia\/wp-json\/wp\/v2\/posts"}],"about":[{"href":"https:\/\/migracao.redenoticia.com.br\/noticia\/wp-json\/wp\/v2\/types\/post"}],"author":[{"embeddable":true,"href":"https:\/\/migracao.redenoticia.com.br\/noticia\/wp-json\/wp\/v2\/users\/2"}],"replies":[{"embeddable":true,"href":"https:\/\/migracao.redenoticia.com.br\/noticia\/wp-json\/wp\/v2\/comments?post=137724"}],"version-history":[{"count":0,"href":"https:\/\/migracao.redenoticia.com.br\/noticia\/wp-json\/wp\/v2\/posts\/137724\/revisions"}],"wp:featuredmedia":[{"embeddable":true,"href":"https:\/\/migracao.redenoticia.com.br\/noticia\/wp-json\/wp\/v2\/media\/37376"}],"wp:attachment":[{"href":"https:\/\/migracao.redenoticia.com.br\/noticia\/wp-json\/wp\/v2\/media?parent=137724"}],"wp:term":[{"taxonomy":"category","embeddable":true,"href":"https:\/\/migracao.redenoticia.com.br\/noticia\/wp-json\/wp\/v2\/categories?post=137724"},{"taxonomy":"post_tag","embeddable":true,"href":"https:\/\/migracao.redenoticia.com.br\/noticia\/wp-json\/wp\/v2\/tags?post=137724"}],"curies":[{"name":"wp","href":"https:\/\/api.w.org\/{rel}","templated":true}]}}