{"id":137743,"date":"2018-03-23T12:12:33","date_gmt":"2018-03-23T15:12:33","guid":{"rendered":"https:\/\/www.redenoticia.com.br\/noticia\/?p=137743"},"modified":"2018-03-26T21:14:51","modified_gmt":"2018-03-27T00:14:51","slug":"novela-os-dez-mandamentos-resumo-26-03-ramses-mostra-confianca-a-amenhotep","status":"publish","type":"post","link":"https:\/\/migracao.redenoticia.com.br\/noticia\/2018\/novela-os-dez-mandamentos-resumo-26-03-ramses-mostra-confianca-a-amenhotep\/137743","title":{"rendered":"Novela \u201cOs Dez Mandamentos\u201d resumo 26\/03: Nefertari suplica pela vida de Amenhotep"},"content":{"rendered":"<p><img loading=\"lazy\" decoding=\"async\" class=\"alignleft size-thumbnail wp-image-68037\" src=\"https:\/\/migracao.redenoticia.com.br\/noticia\/imagens\/resumo_novela_os_dez_mandamentos_record-150x112.jpg\" alt=\"\" width=\"150\" height=\"112\" srcset=\"https:\/\/migracao.redenoticia.com.br\/noticia\/imagens\/resumo_novela_os_dez_mandamentos_record-150x112.jpg 150w, https:\/\/migracao.redenoticia.com.br\/noticia\/imagens\/resumo_novela_os_dez_mandamentos_record-265x198.jpg 265w\" sizes=\"auto, (max-width: 150px) 100vw, 150px\" \/><em><strong>Novela \u201cOs Dez Mandamentos\u201d resumo 26\/03<\/strong><\/em>: no capitulo 175 (*) da novela \u201cOs Dez Mandamentos\u201d, segunda-feira, 26 de mar\u00e7o, Nefertari desabafa com Paser sobre o aviso de Mois\u00e9s. O libertador conta sobre a praga da morte dos primog\u00eanitos para Ar\u00e3o. Simut procura por alimento na cozinha do pal\u00e1cio. O fara\u00f3 se surpreende ao ouvir Paser dizendo que Tuya e Seti perderam um filho antes de terem Rams\u00e9s. Sem deixar o filho desconfiar de nada, Nefertari pede um abra\u00e7o para Amenhotep. Deus avisa a Mois\u00e9s e Ar\u00e3o que todos precisar\u00e3o matar um cordeiro para proteger o primog\u00eanito. Joquebede explica a vontade de Deus com a \u00faltima praga. Nefertari se decepciona ao saber que Rams\u00e9s n\u00e3o quis ouvir Paser. <\/p>\n<p>Mois\u00e9s explica como os outros hebreus far\u00e3o para proteger seus primog\u00eanitos. Ele diz que dever\u00e3o passar o sangue do cordeiro morto nas portas de suas casas. Os hebreus na casa de Zelofeade fazem planos com a liberdade. Paser volta para sua sala e come\u00e7a a mexer em alguns frascos. Mois\u00e9s orienta os hebreus para se protegerem da \u00faltima praga. Nefertari e Rams\u00e9s conversam sobre Mois\u00e9s e acabam discutindo. Eles se entendem e o fara\u00f3 adormece. Nefertari se certifica que ele est\u00e1 dormindo e deixa o quarto. A rainha se encontra com Paser, Ikeni e Karoma no corredor do pal\u00e1cio.<\/p>\n<p>Hur, Leila e Bezalel se preocupam por Uri estar desprotegido no pal\u00e1cio. Na d\u00favida se \u00e9 mesmo filho de Meketre, Bak teme que Hori n\u00e3o sobreviva \u00e0 nova praga. Dat\u00e3 se nega a fazer as pazes com Cor\u00e1. Mois\u00e9s se espanta ao receber a visita de Nefertari. Uri, Gahiji e Chibale ficam assustados ao saberem que a pr\u00f3xima praga matar\u00e1 todos os primog\u00eanitos. Desesperada, Nefertari suplica para que Mois\u00e9s livre Amenhotep de ser atingido pela nova praga. O libertador conta que a \u00fanica forma da praga ser evitada \u00e9 que Rams\u00e9s deixe o povo ir embora. A rainha diz que o rei nunca aceitar\u00e1 essa condi\u00e7\u00e3o e vai embora furiosa. Ar\u00e3o e Oseias procuram Apuki para alert\u00e1-lo sobre prote\u00e7\u00e3o da vida de Jairo antes do in\u00edcio da praga.  <\/p>\n<p>(*) edi\u00e7\u00e3o da Rede Record, Novela \u201cOs Dez Mandamentos\u201d, sujeito a altera\u00e7\u00e3o de data e conte\u00fado.<\/p>\n<p>\u201cOs Dez Mandamentos\u201d \u00e9 uma telenovela brasileira produzida e exibida pela RecordTV, tendo sua primeira temporada exibida entre 23 de mar\u00e7o e 23 de novembro de 2015 em 176 cap\u00edtulos, substituindo Vit\u00f3ria, e sendo substitu\u00edda pela reprise de Rei Davi. A segunda temporada foi produzida pela Casablanca e exibida de 04 de abril a 04 de julho de 2016 em 66 cap\u00edtulos, substituindo a reprise de Sans\u00e3o e Dalila e sendo substitu\u00edda por A Terra Prometida.<\/p>\n","protected":false},"excerpt":{"rendered":"<p>Novela \u201cOs Dez Mandamentos\u201d resumo 26\/03: no capitulo 175 (*) da novela \u201cOs Dez Mandamentos\u201d, segunda-feira, 26 de mar\u00e7o, Nefertari desabafa com Paser sobre o aviso de Mois\u00e9s. O libertador conta sobre a praga da morte dos primog\u00eanitos para Ar\u00e3o. Simut procura por alimento na cozinha do pal\u00e1cio. O fara\u00f3 se surpreende ao ouvir Paser [&hellip;]<\/p>\n","protected":false},"author":2,"featured_media":68037,"comment_status":"open","ping_status":"closed","sticky":false,"template":"","format":"standard","meta":{"tdm_status":"","tdm_grid_status":"","footnotes":""},"categories":[379,424,371,343],"tags":[441],"class_list":{"0":"post-137743","1":"post","2":"type-post","3":"status-publish","4":"format-standard","5":"has-post-thumbnail","7":"category-novelas","8":"category-os-dez-mandamentos","9":"category-rede-record","10":"category-televisao","11":"tag-resumo-do-dia"},"_links":{"self":[{"href":"https:\/\/migracao.redenoticia.com.br\/noticia\/wp-json\/wp\/v2\/posts\/137743","targetHints":{"allow":["GET"]}}],"collection":[{"href":"https:\/\/migracao.redenoticia.com.br\/noticia\/wp-json\/wp\/v2\/posts"}],"about":[{"href":"https:\/\/migracao.redenoticia.com.br\/noticia\/wp-json\/wp\/v2\/types\/post"}],"author":[{"embeddable":true,"href":"https:\/\/migracao.redenoticia.com.br\/noticia\/wp-json\/wp\/v2\/users\/2"}],"replies":[{"embeddable":true,"href":"https:\/\/migracao.redenoticia.com.br\/noticia\/wp-json\/wp\/v2\/comments?post=137743"}],"version-history":[{"count":0,"href":"https:\/\/migracao.redenoticia.com.br\/noticia\/wp-json\/wp\/v2\/posts\/137743\/revisions"}],"wp:featuredmedia":[{"embeddable":true,"href":"https:\/\/migracao.redenoticia.com.br\/noticia\/wp-json\/wp\/v2\/media\/68037"}],"wp:attachment":[{"href":"https:\/\/migracao.redenoticia.com.br\/noticia\/wp-json\/wp\/v2\/media?parent=137743"}],"wp:term":[{"taxonomy":"category","embeddable":true,"href":"https:\/\/migracao.redenoticia.com.br\/noticia\/wp-json\/wp\/v2\/categories?post=137743"},{"taxonomy":"post_tag","embeddable":true,"href":"https:\/\/migracao.redenoticia.com.br\/noticia\/wp-json\/wp\/v2\/tags?post=137743"}],"curies":[{"name":"wp","href":"https:\/\/api.w.org\/{rel}","templated":true}]}}