{"id":137781,"date":"2018-03-23T16:50:43","date_gmt":"2018-03-23T19:50:43","guid":{"rendered":"https:\/\/www.redenoticia.com.br\/noticia\/?p=137781"},"modified":"2018-03-23T16:39:45","modified_gmt":"2018-03-23T19:39:45","slug":"resumo-novela-orgulho-e-paixao-24-03-darcy-e-elisabeta-se-beijam","status":"publish","type":"post","link":"https:\/\/migracao.redenoticia.com.br\/noticia\/2018\/resumo-novela-orgulho-e-paixao-24-03-darcy-e-elisabeta-se-beijam\/137781","title":{"rendered":"Resumo novela \u201cOrgulho e Paix\u00e3o\u201d 24\/03: Darcy e Elisabeta se beijam"},"content":{"rendered":"<p><img loading=\"lazy\" decoding=\"async\" src=\"https:\/\/migracao.redenoticia.com.br\/noticia\/imagens\/orgulho-e-paixao-novela-globo-resumo-Foto-Joao-Miguel-junior-tv-globo-150x112.jpg\" alt=\"\" width=\"150\" height=\"112\" class=\"alignleft size-thumbnail wp-image-134200\" srcset=\"https:\/\/migracao.redenoticia.com.br\/noticia\/imagens\/orgulho-e-paixao-novela-globo-resumo-Foto-Joao-Miguel-junior-tv-globo-150x112.jpg 150w, https:\/\/migracao.redenoticia.com.br\/noticia\/imagens\/orgulho-e-paixao-novela-globo-resumo-Foto-Joao-Miguel-junior-tv-globo-265x198.jpg 265w\" sizes=\"auto, (max-width: 150px) 100vw, 150px\" \/><strong><em>Resumo novela \u201cOrgulho e Paix\u00e3o\u201d 24\/03<\/em><\/strong>: no cap\u00edtulo 005(*) da novela \u201cOrgulho e Paix\u00e3o\u201d, resumo de s\u00e1bado, 24 de mar\u00e7o, Darcy e Elisabeta se ajudam e conseguem tirar o carro da lama. Cec\u00edlia pensa em investigar os h\u00e1bitos de R\u00f4mulo e pede ajuda a Mariana. Ema desconfia do comportamento de Aur\u00e9lio, que n\u00e3o revela \u00e0 filha sobre a doen\u00e7a do Bar\u00e3o. Jonatas, Elisabeta e Camilo cuidam de Jane, enquanto Susana e Pet\u00falia maltratam a menina. Ernesto, Gaetano e Virg\u00edlio cobram de Xavier o pagamento por seus servi\u00e7os. Xavier demite Ernesto do cafezal. Of\u00e9lia vai \u00e0 casa de Camilo e arma para que Jane e Elisabeta permane\u00e7am na mans\u00e3o dos Bittencourt. Cec\u00edlia e Mariana visitam Nicoletta para descobrir not\u00edcias sobre Fani. Nicoletta se preocupa com a demiss\u00e3o de Ernesto. Darcy e Susana provocam Of\u00e9lia. Brand\u00e3o diz a Ema que falar\u00e1 com Mariana. Susana revela a Aur\u00e9lio que o Bar\u00e3o levou sua fazenda \u00e0 fal\u00eancia e garante que eles devem vender suas terras se quiserem ter um futuro decente. Darcy e Elisabeta se beijam e Pet\u00falia v\u00ea.<\/p>\n<p>(*) edi\u00e7\u00e3o da Rede Globo, Novela \u201cOrgulho e Paix\u00e3o\u201d, sujeito a altera\u00e7\u00e3o de data e conte\u00fado.<\/p>\n<p>No fict\u00edcio Vale do Caf\u00e9, interior de S\u00e3o Paulo, nossos personagens vivem seus conflitos sociais e de conduta, que sempre se contrap\u00f5em aos desejos pessoais de cada um. Elisabeta (Nathalia Dill) \u00e9 uma mulher \u00e0 frente do seu tempo, com pensamentos igualit\u00e1rios e interesses at\u00edpicos para uma jovem do in\u00edcio do s\u00e9culo XX. Ela deseja trabalhar, conhecer o mundo e \u00e9 incentivada a realizar seus sonhos pelo pai, Felisberto (Tato Gabus Mendes), que vive \u00e0s turras com a mulher, Of\u00e9lia (Vera Holtz), por pensarem diferente sobre a cria\u00e7\u00e3o das filhas. Ao todo, o casal teve cinco mulheres, e cada uma com uma personalidade diferente.<\/p>\n<p>A personagem de Nathalia Dill entrar\u00e1 em conflito quando se apaixonar por Darcy (Thiago Lacerda), um homem de car\u00e1ter e muito sisudo. O amor n\u00e3o \u00e9 \u00e0 primeira vista, j\u00e1 que os dois n\u00e3o se entendem assim que se conhecem. O sentimento de repulsa dar\u00e1 lugar a uma grande paix\u00e3o, que ser\u00e1 negada pelo casal o m\u00e1ximo poss\u00edvel.<\/p>\n","protected":false},"excerpt":{"rendered":"<p>Resumo novela \u201cOrgulho e Paix\u00e3o\u201d 24\/03: no cap\u00edtulo 005(*) da novela \u201cOrgulho e Paix\u00e3o\u201d, resumo de s\u00e1bado, 24 de mar\u00e7o, Darcy e Elisabeta se ajudam e conseguem tirar o carro da lama. Cec\u00edlia pensa em investigar os h\u00e1bitos de R\u00f4mulo e pede ajuda a Mariana. Ema desconfia do comportamento de Aur\u00e9lio, que n\u00e3o revela \u00e0 [&hellip;]<\/p>\n","protected":false},"author":4,"featured_media":134200,"comment_status":"open","ping_status":"closed","sticky":false,"template":"","format":"standard","meta":{"tdm_status":"","tdm_grid_status":"","footnotes":""},"categories":[379,467,375,343],"tags":[441],"class_list":{"0":"post-137781","1":"post","2":"type-post","3":"status-publish","4":"format-standard","5":"has-post-thumbnail","7":"category-novelas","8":"category-orgulho-e-paixao","9":"category-rede-globo","10":"category-televisao","11":"tag-resumo-do-dia"},"_links":{"self":[{"href":"https:\/\/migracao.redenoticia.com.br\/noticia\/wp-json\/wp\/v2\/posts\/137781","targetHints":{"allow":["GET"]}}],"collection":[{"href":"https:\/\/migracao.redenoticia.com.br\/noticia\/wp-json\/wp\/v2\/posts"}],"about":[{"href":"https:\/\/migracao.redenoticia.com.br\/noticia\/wp-json\/wp\/v2\/types\/post"}],"author":[{"embeddable":true,"href":"https:\/\/migracao.redenoticia.com.br\/noticia\/wp-json\/wp\/v2\/users\/4"}],"replies":[{"embeddable":true,"href":"https:\/\/migracao.redenoticia.com.br\/noticia\/wp-json\/wp\/v2\/comments?post=137781"}],"version-history":[{"count":0,"href":"https:\/\/migracao.redenoticia.com.br\/noticia\/wp-json\/wp\/v2\/posts\/137781\/revisions"}],"wp:featuredmedia":[{"embeddable":true,"href":"https:\/\/migracao.redenoticia.com.br\/noticia\/wp-json\/wp\/v2\/media\/134200"}],"wp:attachment":[{"href":"https:\/\/migracao.redenoticia.com.br\/noticia\/wp-json\/wp\/v2\/media?parent=137781"}],"wp:term":[{"taxonomy":"category","embeddable":true,"href":"https:\/\/migracao.redenoticia.com.br\/noticia\/wp-json\/wp\/v2\/categories?post=137781"},{"taxonomy":"post_tag","embeddable":true,"href":"https:\/\/migracao.redenoticia.com.br\/noticia\/wp-json\/wp\/v2\/tags?post=137781"}],"curies":[{"name":"wp","href":"https:\/\/api.w.org\/{rel}","templated":true}]}}