{"id":137985,"date":"2018-03-27T00:08:21","date_gmt":"2018-03-27T03:08:21","guid":{"rendered":"https:\/\/www.redenoticia.com.br\/noticia\/?p=137985"},"modified":"2018-03-26T19:07:39","modified_gmt":"2018-03-26T22:07:39","slug":"canal-no-youtube-ensina-receitas-nutritivas","status":"publish","type":"post","link":"https:\/\/migracao.redenoticia.com.br\/noticia\/2018\/canal-no-youtube-ensina-receitas-nutritivas\/137985","title":{"rendered":"Canal no YouTube ensina receitas nutritivas"},"content":{"rendered":"<p> Para ajudar a popula\u00e7\u00e3o a manter o n\u00edvel de nutrientes, a hidrata\u00e7\u00e3o e a energia do corpo ao longo do ano, a Secretaria de Agricultura e Abastecimento do Estado de S\u00e3o Paulo apresenta uma s\u00e9rie de <strong><em>receitas leves, saud\u00e1veis e pr\u00e1ticas<\/em><\/strong> no\u00a0. A iniciativa \u00e9 da Coordenadoria de Desenvolvimento dos Agroneg\u00f3cios (Codeagro).O espa\u00e7o disponibiliza receitas com passo a passo de saladas, pratos principais, bebidas e at\u00e9 mesmo guloseimas preparadas de forma saud\u00e1vel, com alimentos provenientes da agropecu\u00e1ria paulista. Por exemplo, a postagem mais recente \u00e9 o preparo de suco de melancia com vinagreira.<\/p>\n<p>V\u00eddeos j\u00e1 publicados abordam, ainda, rabanada saud\u00e1vel, mousse vegano de cacau com morango, quibe de franco com couve e p\u00e3o torrado com abacate, entre outras receitas. Uma das dicas do canal para se alimentar com qualidade e praticidade s\u00e3o as receitas de saladas no pote, que podem ser preparadas com anteced\u00eancia e conservadas em geladeira at\u00e9 o consumo.<\/p>\n<p>De modo a aproveitar integralmente frutas e legumes, a receita de sorvete de banana com casca vira uma op\u00e7\u00e3o de lanche rico em nutrientes. Para agradar o paladar das crian\u00e7as durante o per\u00edodo de f\u00e9rias escolares, o canal traz sugest\u00f5es como picol\u00e9 de frutas, brigadeiro de inhame, pipoca e pizza fingida.<\/p>\n<p>Do Portal do Governo SP<\/p>\n","protected":false},"excerpt":{"rendered":"<p>Para ajudar a popula\u00e7\u00e3o a manter o n\u00edvel de nutrientes, a hidrata\u00e7\u00e3o e a energia do corpo ao longo do ano, a Secretaria de Agricultura e Abastecimento do Estado de S\u00e3o Paulo apresenta uma s\u00e9rie de receitas leves, saud\u00e1veis e pr\u00e1ticas no\u00a0. A iniciativa \u00e9 da Coordenadoria de Desenvolvimento dos Agroneg\u00f3cios (Codeagro).O espa\u00e7o disponibiliza receitas [&hellip;]<\/p>\n","protected":false},"author":2,"featured_media":36215,"comment_status":"open","ping_status":"closed","sticky":false,"template":"","format":"standard","meta":{"tdm_status":"","tdm_grid_status":"","footnotes":""},"categories":[22,5],"tags":[],"class_list":{"0":"post-137985","1":"post","2":"type-post","3":"status-publish","4":"format-standard","5":"has-post-thumbnail","7":"category-brasil","8":"category-saude-e-vida"},"_links":{"self":[{"href":"https:\/\/migracao.redenoticia.com.br\/noticia\/wp-json\/wp\/v2\/posts\/137985","targetHints":{"allow":["GET"]}}],"collection":[{"href":"https:\/\/migracao.redenoticia.com.br\/noticia\/wp-json\/wp\/v2\/posts"}],"about":[{"href":"https:\/\/migracao.redenoticia.com.br\/noticia\/wp-json\/wp\/v2\/types\/post"}],"author":[{"embeddable":true,"href":"https:\/\/migracao.redenoticia.com.br\/noticia\/wp-json\/wp\/v2\/users\/2"}],"replies":[{"embeddable":true,"href":"https:\/\/migracao.redenoticia.com.br\/noticia\/wp-json\/wp\/v2\/comments?post=137985"}],"version-history":[{"count":0,"href":"https:\/\/migracao.redenoticia.com.br\/noticia\/wp-json\/wp\/v2\/posts\/137985\/revisions"}],"wp:featuredmedia":[{"embeddable":true,"href":"https:\/\/migracao.redenoticia.com.br\/noticia\/wp-json\/wp\/v2\/media\/36215"}],"wp:attachment":[{"href":"https:\/\/migracao.redenoticia.com.br\/noticia\/wp-json\/wp\/v2\/media?parent=137985"}],"wp:term":[{"taxonomy":"category","embeddable":true,"href":"https:\/\/migracao.redenoticia.com.br\/noticia\/wp-json\/wp\/v2\/categories?post=137985"},{"taxonomy":"post_tag","embeddable":true,"href":"https:\/\/migracao.redenoticia.com.br\/noticia\/wp-json\/wp\/v2\/tags?post=137985"}],"curies":[{"name":"wp","href":"https:\/\/api.w.org\/{rel}","templated":true}]}}