{"id":138008,"date":"2018-03-27T12:15:51","date_gmt":"2018-03-27T15:15:51","guid":{"rendered":"https:\/\/www.redenoticia.com.br\/noticia\/?p=138008"},"modified":"2018-03-28T20:40:20","modified_gmt":"2018-03-28T23:40:20","slug":"novela-bicho-do-mato-resumo-28-03-iru-pinta-marcia-como-uma-guapora","status":"publish","type":"post","link":"https:\/\/migracao.redenoticia.com.br\/noticia\/2018\/novela-bicho-do-mato-resumo-28-03-iru-pinta-marcia-como-uma-guapora\/138008","title":{"rendered":"Novela \u201cBicho do Mato\u201d resumo 28\/03: Francisca solta Mariano"},"content":{"rendered":"<p> <img loading=\"lazy\" decoding=\"async\" class=\"alignleft size-thumbnail wp-image-119859\" src=\"https:\/\/migracao.redenoticia.com.br\/noticia\/imagens\/bicho_do_mato_novela_record_resumo-150x112.jpg\" alt=\"\" width=\"150\" height=\"112\" srcset=\"https:\/\/migracao.redenoticia.com.br\/noticia\/imagens\/bicho_do_mato_novela_record_resumo-150x112.jpg 150w, https:\/\/migracao.redenoticia.com.br\/noticia\/imagens\/bicho_do_mato_novela_record_resumo-265x198.jpg 265w\" sizes=\"auto, (max-width: 150px) 100vw, 150px\" \/><strong><em>Novela \u201cBicho do Mato\u201d resumo 28\/03<\/em><\/strong>: no capitulo 153 (*) da novela \u201cBicho do Mato\u201d, quarta-feira, 28 de mar\u00e7o, Francisca entrega a torta com ervas para dormir a Maurinho. Ela explica o plano de fuga para Mariano, que fica empolgado. Maurinho dorme, Pitoco rouba a chave dele e Francisca solta Mariano. Os dois quase se beijam.<\/p>\n<p>Cec\u00edlia e Juba beijam-se no quarto, os dois querem fazer amor, mas s\u00e3o interrompidos por um barulho de carro, \u00e9 Francisca chegando com Mariano. Geraldo n\u00e3o gosta da presen\u00e7a de Mariano e diz que ele deve se esconder em algum lugar. Mariano avisa que vai ficar perto da aldeia dos Guapor\u00e1. <\/p>\n<p>(*) edi\u00e7\u00e3o da Rede Record, Novela \u201cBicho do Mato\u201d, sujeito a altera\u00e7\u00e3o de data e conte\u00fado.<\/p>\n<p>Em \u201cBicho do Mato\u201d, Juba (Andr\u00e9 Bankoff) foi criado desde pequeno apenas pelo pai, Fernando (Jairo Mattos), na Fazenda Boa Esperan\u00e7a, localizada no centro do Pantanal, vivendo harmoniosamente junto \u00e0 natureza e \u00e0 aldeia ind\u00edgena dos Guapor\u00e1 \u2013 tribo da qual descende Ir\u00fa (Raphael Viana), seu melhor amigo, e Tini\u00e1 (Tha\u00eds Fersoza), que \u00e9 apaixonada por ele. Quem ajudou a cuidar dele foi Francisca (Angelina Muniz), cozinheira que sempre teve o rapaz como um filho e que est\u00e1 dividida entre o amor de Geraldo (S\u00e9rgio Reis) e Mariano (Almir Sater), pe\u00f5es da fazenda que a disputam a todo momento. <\/p>\n<p>A m\u00e3e do rapaz, Laura (Bia Seidl), o abandonou aos seis anos para morar na cidade do Rio de Janeiro e se casar com o ganancioso e inescrupuloso Ramalho (Jonas Bloch), que manda matar Fernando, visando usurpar as terras da fazenda e dos \u00edndios para explorar de uma mina de diamantes descoberta por ele. Paralelamente Juba conhece Cec\u00edlia (Renata Dominguez), uma jovem m\u00e9dica que est\u00e1 visitando o Pantanal e vive um fulminante romance com ele. <\/p>\n","protected":false},"excerpt":{"rendered":"<p>Novela \u201cBicho do Mato\u201d resumo 28\/03: no capitulo 153 (*) da novela \u201cBicho do Mato\u201d, quarta-feira, 28 de mar\u00e7o, Francisca entrega a torta com ervas para dormir a Maurinho. Ela explica o plano de fuga para Mariano, que fica empolgado. Maurinho dorme, Pitoco rouba a chave dele e Francisca solta Mariano. Os dois quase se [&hellip;]<\/p>\n","protected":false},"author":2,"featured_media":119859,"comment_status":"open","ping_status":"closed","sticky":false,"template":"","format":"standard","meta":{"tdm_status":"","tdm_grid_status":"","footnotes":""},"categories":[379,371,343],"tags":[441],"class_list":{"0":"post-138008","1":"post","2":"type-post","3":"status-publish","4":"format-standard","5":"has-post-thumbnail","7":"category-novelas","8":"category-rede-record","9":"category-televisao","10":"tag-resumo-do-dia"},"_links":{"self":[{"href":"https:\/\/migracao.redenoticia.com.br\/noticia\/wp-json\/wp\/v2\/posts\/138008","targetHints":{"allow":["GET"]}}],"collection":[{"href":"https:\/\/migracao.redenoticia.com.br\/noticia\/wp-json\/wp\/v2\/posts"}],"about":[{"href":"https:\/\/migracao.redenoticia.com.br\/noticia\/wp-json\/wp\/v2\/types\/post"}],"author":[{"embeddable":true,"href":"https:\/\/migracao.redenoticia.com.br\/noticia\/wp-json\/wp\/v2\/users\/2"}],"replies":[{"embeddable":true,"href":"https:\/\/migracao.redenoticia.com.br\/noticia\/wp-json\/wp\/v2\/comments?post=138008"}],"version-history":[{"count":0,"href":"https:\/\/migracao.redenoticia.com.br\/noticia\/wp-json\/wp\/v2\/posts\/138008\/revisions"}],"wp:featuredmedia":[{"embeddable":true,"href":"https:\/\/migracao.redenoticia.com.br\/noticia\/wp-json\/wp\/v2\/media\/119859"}],"wp:attachment":[{"href":"https:\/\/migracao.redenoticia.com.br\/noticia\/wp-json\/wp\/v2\/media?parent=138008"}],"wp:term":[{"taxonomy":"category","embeddable":true,"href":"https:\/\/migracao.redenoticia.com.br\/noticia\/wp-json\/wp\/v2\/categories?post=138008"},{"taxonomy":"post_tag","embeddable":true,"href":"https:\/\/migracao.redenoticia.com.br\/noticia\/wp-json\/wp\/v2\/tags?post=138008"}],"curies":[{"name":"wp","href":"https:\/\/api.w.org\/{rel}","templated":true}]}}