{"id":138067,"date":"2018-03-27T17:19:53","date_gmt":"2018-03-27T20:19:53","guid":{"rendered":"https:\/\/www.redenoticia.com.br\/noticia\/?p=138067"},"modified":"2018-03-27T17:19:53","modified_gmt":"2018-03-27T20:19:53","slug":"resumo-novela-amanha-e-para-sempre-28-03-plutarco-confessa-que-liliana-fugiu","status":"publish","type":"post","link":"https:\/\/migracao.redenoticia.com.br\/noticia\/2018\/resumo-novela-amanha-e-para-sempre-28-03-plutarco-confessa-que-liliana-fugiu\/138067","title":{"rendered":"Resumo novela \u201cAmanh\u00e3 \u00e9 para sempre\u201d 28\/03: Plutarco confessa que Liliana fugiu"},"content":{"rendered":"<p> <img loading=\"lazy\" decoding=\"async\" class=\"alignleft size-thumbnail wp-image-134147\" src=\"https:\/\/migracao.redenoticia.com.br\/noticia\/imagens\/amanha-e-para-sempre-sbt-novela-resumo-150x112.jpg\" alt=\"\" width=\"150\" height=\"112\" srcset=\"https:\/\/migracao.redenoticia.com.br\/noticia\/imagens\/amanha-e-para-sempre-sbt-novela-resumo-150x112.jpg 150w, https:\/\/migracao.redenoticia.com.br\/noticia\/imagens\/amanha-e-para-sempre-sbt-novela-resumo-265x198.jpg 265w\" sizes=\"auto, (max-width: 150px) 100vw, 150px\" \/><strong><em>Resumo novela \u201cAmanh\u00e3 \u00e9 para sempre\u201d 28\/03<\/em><\/strong>: no cap\u00edtulo 028(*) da novela \u201cAmanh\u00e3 \u00e9 para sempre\u201d, resumo de quarta-feira, 28 de mar\u00e7o, Gard\u00eania, ao ver Liliana e Martina dormindo, diz a Jacinto, muito chateada, que Santoro \u00e9 um desgra\u00e7ado, que n\u00e3o \u00e9 correto manter em uma mesma casa duas mulheres ao mesmo tempo. Jacinto responde que este assunto n\u00e3o interessa a ela, afinal, ela nem sabe quem s\u00e3o as mulheres. Santoro diz a Gard\u00eania que lhe deu trabalho com a condi\u00e7\u00e3o de que n\u00e3o fizesse perguntas, mas que ela n\u00e3o est\u00e1 cumprindo o combinado. Priscila segue esperando que Anibal fique excitado e que fa\u00e7a amor com ela. <\/p>\n<p>Barbara, n\u00e3o p\u00e1ra de tramar e ordena a Adriano que n\u00e3o deixe que Anibal e Camilo se encontrem com Franco Santoro. Eduardo procura Plutarco e este confessa que Liliana fugiu da cl\u00ednica e que n\u00e3o avisou os Elizalde para n\u00e3o decepcion\u00e1-los ainda mais. Em breve, diz Plutarco, encontrar\u00e3o Liliana. Aurora revela a Santiago que n\u00e3o sabe o nome de sua m\u00e3e que na cidade ser\u00e1 imposs\u00edvel encontr\u00e1-la. <\/p>\n<p>Santiago, j\u00e1 com Fernanda, diz que ela est\u00e1 ansiosa por voltar a ver Eduardo, que apesar do tempo e da dist\u00e2ncia, jamais p\u00f4de esquec\u00ea-lo. Ela responde que agora \u00e9 mulher casada, mas ele retruca e diz que para a alma n\u00e3o interessa este tipo de compromisso. Camilo e Anibal, ent\u00e3o, chegam para visitar Franco. Liliana ao v\u00ea-los diz a Martina que Franco a enganou. Martina nervosa, diz que se despedir\u00e1 deles. Camilo, ent\u00e3o, fica chateado com a aus\u00eancia de Franco, pois, tinham um compromisso.<\/p>\n<p>(*) edi\u00e7\u00e3o do SBT, Novela \u201cAmanh\u00e3 \u00e9 para sempre\u201d, sujeito a altera\u00e7\u00e3o de data e conte\u00fado.<\/p>\n<p>Fernanda \u00e9 a filha ca\u00e7ula do fazendeiro Gonzalo Elizalde, dono de uma grande companhia leiteira, e Eduardo \u00e9 filho de Soledad, a governanta da fam\u00edlia Elizalde. As duas crian\u00e7as t\u00eam crescido juntas e unidas por um amor inocente e justo, apesar da diferen\u00e7a de classes sociais.<\/p>\n<p>Gonzalo vive feliz com sua esposa Montserrat e seus cinco filhos, sem suspeitar que um inimigo implac\u00e1vel acerca aos seus. Artemio Bravo sente um \u00f3dio intenso e amargo de Gonzalo, que tem corro\u00eddo sua mente e, sua \u00fanica meta \u00e9 destruir, lenta e dolorosamente, toda a fam\u00edlia Elizalde. Para isso, Artemio utiliza uma jovem sem escr\u00fapulos que chega a empresa de Gonzalo com o nome de Rebeca S\u00e1nchez, que, posteriormente, muda sua identidade para B\u00e1rbara Greco. Sua intelig\u00eancia causa boa impress\u00e3o em Gonzalo, que a contrata como sua assistente pessoal. Pouco a pouco, e com muita ast\u00facia, B\u00e1rbara obt\u00e9m total confian\u00e7a.<\/p>\n<p>As primeiras v\u00edtimas de B\u00e1rbara s\u00e3o Eduardo e Fernanda, que os descobre beijando-se. Muito sutil e venenosa, B\u00e1rbara convence Montserrat de que Eduardo pode ser um perigo para a menina e o garoto \u00e9 enviado para um internato na cidade. As cartas dos meninos chegam \u00e0s m\u00e3os de Soledad e ela, com muita dor, decide n\u00e3o entreg\u00e1-las a eles. Isso faz com que Fernanda se sinta esquecida por Eduardo.<\/p>\n","protected":false},"excerpt":{"rendered":"<p>Resumo novela \u201cAmanh\u00e3 \u00e9 para sempre\u201d 28\/03: no cap\u00edtulo 028(*) da novela \u201cAmanh\u00e3 \u00e9 para sempre\u201d, resumo de quarta-feira, 28 de mar\u00e7o, Gard\u00eania, ao ver Liliana e Martina dormindo, diz a Jacinto, muito chateada, que Santoro \u00e9 um desgra\u00e7ado, que n\u00e3o \u00e9 correto manter em uma mesma casa duas mulheres ao mesmo tempo. Jacinto responde [&hellip;]<\/p>\n","protected":false},"author":2,"featured_media":134147,"comment_status":"open","ping_status":"closed","sticky":false,"template":"","format":"standard","meta":{"tdm_status":"","tdm_grid_status":"","footnotes":""},"categories":[379,372,343],"tags":[441],"class_list":{"0":"post-138067","1":"post","2":"type-post","3":"status-publish","4":"format-standard","5":"has-post-thumbnail","7":"category-novelas","8":"category-sbt","9":"category-televisao","10":"tag-resumo-do-dia"},"_links":{"self":[{"href":"https:\/\/migracao.redenoticia.com.br\/noticia\/wp-json\/wp\/v2\/posts\/138067","targetHints":{"allow":["GET"]}}],"collection":[{"href":"https:\/\/migracao.redenoticia.com.br\/noticia\/wp-json\/wp\/v2\/posts"}],"about":[{"href":"https:\/\/migracao.redenoticia.com.br\/noticia\/wp-json\/wp\/v2\/types\/post"}],"author":[{"embeddable":true,"href":"https:\/\/migracao.redenoticia.com.br\/noticia\/wp-json\/wp\/v2\/users\/2"}],"replies":[{"embeddable":true,"href":"https:\/\/migracao.redenoticia.com.br\/noticia\/wp-json\/wp\/v2\/comments?post=138067"}],"version-history":[{"count":0,"href":"https:\/\/migracao.redenoticia.com.br\/noticia\/wp-json\/wp\/v2\/posts\/138067\/revisions"}],"wp:featuredmedia":[{"embeddable":true,"href":"https:\/\/migracao.redenoticia.com.br\/noticia\/wp-json\/wp\/v2\/media\/134147"}],"wp:attachment":[{"href":"https:\/\/migracao.redenoticia.com.br\/noticia\/wp-json\/wp\/v2\/media?parent=138067"}],"wp:term":[{"taxonomy":"category","embeddable":true,"href":"https:\/\/migracao.redenoticia.com.br\/noticia\/wp-json\/wp\/v2\/categories?post=138067"},{"taxonomy":"post_tag","embeddable":true,"href":"https:\/\/migracao.redenoticia.com.br\/noticia\/wp-json\/wp\/v2\/tags?post=138067"}],"curies":[{"name":"wp","href":"https:\/\/api.w.org\/{rel}","templated":true}]}}