{"id":138156,"date":"2018-03-29T00:10:14","date_gmt":"2018-03-29T03:10:14","guid":{"rendered":"https:\/\/www.redenoticia.com.br\/noticia\/?p=138156"},"modified":"2018-03-28T16:40:54","modified_gmt":"2018-03-28T19:40:54","slug":"estado-do-rio-tem-190-casos-de-febre-amarela-este-ano","status":"publish","type":"post","link":"https:\/\/migracao.redenoticia.com.br\/noticia\/2018\/estado-do-rio-tem-190-casos-de-febre-amarela-este-ano\/138156","title":{"rendered":"Estado do Rio tem 190 casos de febre amarela este ano"},"content":{"rendered":"<p> O estado do Rio de Janeiro j\u00e1 registrou 190 casos de <strong><em>febre amarela<\/em><\/strong> silvestre em humanos este ano em 25 munic\u00edpios. Segundo a Subsecretaria Estadual de Vigil\u00e2ncia em Sa\u00fade, 69 pacientes morreram, ou seja, uma morte a cada 2,75 casos.<\/p>\n<p>O munic\u00edpio com maior n\u00famero de casos e mortes \u00e9 Angra dos Reis, com 48 registros da doen\u00e7a e 14 \u00f3bitos. Em seguida, aparecem Teres\u00f3polis (21 casos e oito mortes), Valen\u00e7a (23 casos e seis \u00f3bitos), Nova Friburgo (15 casos e cinco mortes), Duas Barras (14 casos e duas mortes), Sumidouro (12 casos e cinco mortes), Cantagalo (sete casos e quatro mortes), Rio das Flores (cinco casos e duas mortes) e Barra do Pira\u00ed (cinco casos e uma morte).<\/p>\n<p>Mais v\u00edtimas e \u00f3bitos<\/p>\n<p>Tamb\u00e9m foram registrados casos e mortes nos munic\u00edpios de Engenheiro Paulo de Frontin e Trajano de Moraes (quatro casos e tr\u00eas mortes, cada); Paty do Alferes e Silva Jardim (quatro casos e duas mortes, cada); Miguel Pereira e Vassouras (tr\u00eas casos e duas mortes, cada); Cachoeiras de Macacu e Rio Claro (tr\u00eas casos e uma morte, cada); Carmo, Maric\u00e1, Mangaratiba e Pira\u00ed (dois casos e uma morte, cada); e Para\u00edba do Sul e Sapucaia (um caso e uma morte, cada).<\/p>\n<p>Em Petr\u00f3polis e Bom Jardim, houve um caso em cada munic\u00edpio, mas sem mortes. Tamb\u00e9m foram confirmadas 11 mortes em macacos, por febre amarela em Niter\u00f3i, Angra dos Reis (Ilha Grande), Barra Mansa, Valen\u00e7a, Miguel Pereira, Volta Redonda, Duas Barras, Paraty, Engenheiro Paulo de Frontin, Araruama e Petr\u00f3polis.<\/p>\n<p>Vitor Abdala \u2013 Rep\u00f3rter da Ag\u00eancia Brasil<br \/>\nEdi\u00e7\u00e3o: Kleber Sampaio<br \/>\n29\/03\/2018<\/p>\n","protected":false},"excerpt":{"rendered":"<p>O estado do Rio de Janeiro j\u00e1 registrou 190 casos de febre amarela silvestre em humanos este ano em 25 munic\u00edpios. Segundo a Subsecretaria Estadual de Vigil\u00e2ncia em Sa\u00fade, 69 pacientes morreram, ou seja, uma morte a cada 2,75 casos. O munic\u00edpio com maior n\u00famero de casos e mortes \u00e9 Angra dos Reis, com 48 [&hellip;]<\/p>\n","protected":false},"author":2,"featured_media":37376,"comment_status":"open","ping_status":"closed","sticky":false,"template":"","format":"standard","meta":{"tdm_status":"","tdm_grid_status":"","footnotes":""},"categories":[22,5],"tags":[],"class_list":{"0":"post-138156","1":"post","2":"type-post","3":"status-publish","4":"format-standard","5":"has-post-thumbnail","7":"category-brasil","8":"category-saude-e-vida"},"_links":{"self":[{"href":"https:\/\/migracao.redenoticia.com.br\/noticia\/wp-json\/wp\/v2\/posts\/138156","targetHints":{"allow":["GET"]}}],"collection":[{"href":"https:\/\/migracao.redenoticia.com.br\/noticia\/wp-json\/wp\/v2\/posts"}],"about":[{"href":"https:\/\/migracao.redenoticia.com.br\/noticia\/wp-json\/wp\/v2\/types\/post"}],"author":[{"embeddable":true,"href":"https:\/\/migracao.redenoticia.com.br\/noticia\/wp-json\/wp\/v2\/users\/2"}],"replies":[{"embeddable":true,"href":"https:\/\/migracao.redenoticia.com.br\/noticia\/wp-json\/wp\/v2\/comments?post=138156"}],"version-history":[{"count":0,"href":"https:\/\/migracao.redenoticia.com.br\/noticia\/wp-json\/wp\/v2\/posts\/138156\/revisions"}],"wp:featuredmedia":[{"embeddable":true,"href":"https:\/\/migracao.redenoticia.com.br\/noticia\/wp-json\/wp\/v2\/media\/37376"}],"wp:attachment":[{"href":"https:\/\/migracao.redenoticia.com.br\/noticia\/wp-json\/wp\/v2\/media?parent=138156"}],"wp:term":[{"taxonomy":"category","embeddable":true,"href":"https:\/\/migracao.redenoticia.com.br\/noticia\/wp-json\/wp\/v2\/categories?post=138156"},{"taxonomy":"post_tag","embeddable":true,"href":"https:\/\/migracao.redenoticia.com.br\/noticia\/wp-json\/wp\/v2\/tags?post=138156"}],"curies":[{"name":"wp","href":"https:\/\/api.w.org\/{rel}","templated":true}]}}