{"id":138452,"date":"2018-04-03T23:26:02","date_gmt":"2018-04-04T02:26:02","guid":{"rendered":"https:\/\/www.redenoticia.com.br\/noticia\/?p=138452"},"modified":"2018-04-05T23:27:21","modified_gmt":"2018-04-06T02:27:21","slug":"bbb-18-votacao-em-ayrton-clara-e-wagner-movimenta-a-enquete","status":"publish","type":"post","link":"https:\/\/migracao.redenoticia.com.br\/noticia\/2018\/bbb-18-votacao-em-ayrton-clara-e-wagner-movimenta-a-enquete\/138452","title":{"rendered":"\u201cBBB\u201d 18: vota\u00e7\u00e3o em Ayrton\/Clara e Wagner movimentou a enquete"},"content":{"rendered":"<p><img loading=\"lazy\" decoding=\"async\" class=\"alignleft size-thumbnail wp-image-132207\" src=\"https:\/\/migracao.redenoticia.com.br\/noticia\/imagens\/bbb_votacao_enquete-150x112.jpg\" alt=\"\" width=\"150\" height=\"112\" srcset=\"https:\/\/migracao.redenoticia.com.br\/noticia\/imagens\/bbb_votacao_enquete-150x112.jpg 150w, https:\/\/migracao.redenoticia.com.br\/noticia\/imagens\/bbb_votacao_enquete-265x198.jpg 265w\" sizes=\"auto, (max-width: 150px) 100vw, 150px\" \/><em><strong>\u201cBBB&#8221; 18 vota\u00e7\u00e3o enquete:<\/strong><\/em> Tiago anunciou que Wagner recebeu 59,60% dos votos v\u00e1lidos e foi eliminado do programa. Este Pared\u00e3o come\u00e7ou na Prova do L\u00edder, quando Kaysar venceu o desafio de resist\u00eancia, ganhou um carro e conquistou o direito de indicar um brother para o pared\u00e3o. Em 01\/04, Wagner venceu J\u00e9ssica na Prova do Anjo. Gleci fez o terceiro melhor tempo, Wagner o segundo melhor tempo e Ana Clara fez o melhor tempo. A filha da fam\u00edlia Lima foi classificada para a final. O artista visual venceu a estudante do Acre na semifinal. Wagner venceu Ana Clara na \u00faltima disputa. Wagner ganhou a Prova do Anjo. Tiago Leifert anunciou um Pared\u00e3o duplo e voto da casa aberto: cada um diz em voz alta, na sala da casa, o nome de quem quer emparedar.<\/p>\n<p>Destaque <\/p>\n<p>Wagner deu a imunidade do Anjo para Gleici. Kaysar indicou Wagner para o pared\u00e3o. Na vota\u00e7\u00e3o da casa, Viegas, Breno e J\u00e9ssica votaram em Ayrton\/Clara. Paula, Ayrton\/Clara da Fam\u00edlia Lima e Gleici votaram no Viegas. Wagner votou na J\u00e9ssica. No desempate, Kaysar indicou Ayrton\/Clara.<\/p>\n<p>Wagner e Ayrton\/Clara disputaram o d\u00e9cimo Pared\u00e3o. Tiago Leifert deu largada na vota\u00e7\u00e3o, que aconteceu at\u00e9 o programa ao vivo desta ter\u00e7a-feira, 03\/04.<\/p>\n<p>Defesas<br \/>\nWagner: &#8216;Me deem essa chance&#8217;<br \/>\nFam\u00edlia Lima: &#8216;Seguimos a linha do companheirismo&#8217; <\/p>\n<p>Se voc\u00ea n\u00e3o est\u00e1 vendo a enquete, clique no link abaixo:<\/p>\n<p><script type=\"text\/javascript\" charset=\"utf-8\" src=\"https:\/\/secure.polldaddy.com\/p\/9973394.js\"><\/script><br \/>\n<noscript><\/noscript><\/p>\n<p>Resultado parcial 02\/04 01h35 &#8211; Wagner 72,32%; Ayrton\/Clara 27,68%. Total de Votos 18.578.<br \/>\nResultado parcial 02\/04 13h50 &#8211; Wagner 72,66%; Ayrton\/Clara 27,34%. Total de Votos 25.743.<br \/>\nResultado parcial 02\/04 23h34 &#8211; Wagner 72,97%; Ayrton\/Clara 27,03%. Total de Votos 33.035.<br \/>\nResultado parcial 03\/04 15h10 &#8211; Wagner 73,44%; Ayrton\/Clara 26,56%. Total de Votos 40.051.<\/p>\n<p>Not\u00edcias relacionadas:<\/p>\n<p>&#8212;<br \/>\nA vota\u00e7\u00e3o oficial aconteceu no endere\u00e7o da .<\/p>\n<p>&#8212;<br \/>\nConcorrentes: Breno; Clara\/Ayrton; Gleici; J\u00e9ssica; Kaysar; Paula; Viegas; Wagner.<\/p>\n<p>Fonte \u201cBBB&#8221; 18 \u2013 Vota\u00e7\u00e3o Enquete<\/p>\n","protected":false},"excerpt":{"rendered":"<p>\u201cBBB&#8221; 18 vota\u00e7\u00e3o enquete: Tiago anunciou que Wagner recebeu 59,60% dos votos v\u00e1lidos e foi eliminado do programa. Este Pared\u00e3o come\u00e7ou na Prova do L\u00edder, quando Kaysar venceu o desafio de resist\u00eancia, ganhou um carro e conquistou o direito de indicar um brother para o pared\u00e3o. Em 01\/04, Wagner venceu J\u00e9ssica na Prova do Anjo. [&hellip;]<\/p>\n","protected":false},"author":2,"featured_media":132207,"comment_status":"open","ping_status":"closed","sticky":false,"template":"","format":"standard","meta":{"tdm_status":"","tdm_grid_status":"","footnotes":""},"categories":[375,343],"tags":[466],"class_list":{"0":"post-138452","1":"post","2":"type-post","3":"status-publish","4":"format-standard","5":"has-post-thumbnail","7":"category-rede-globo","8":"category-televisao","9":"tag-bbb"},"_links":{"self":[{"href":"https:\/\/migracao.redenoticia.com.br\/noticia\/wp-json\/wp\/v2\/posts\/138452","targetHints":{"allow":["GET"]}}],"collection":[{"href":"https:\/\/migracao.redenoticia.com.br\/noticia\/wp-json\/wp\/v2\/posts"}],"about":[{"href":"https:\/\/migracao.redenoticia.com.br\/noticia\/wp-json\/wp\/v2\/types\/post"}],"author":[{"embeddable":true,"href":"https:\/\/migracao.redenoticia.com.br\/noticia\/wp-json\/wp\/v2\/users\/2"}],"replies":[{"embeddable":true,"href":"https:\/\/migracao.redenoticia.com.br\/noticia\/wp-json\/wp\/v2\/comments?post=138452"}],"version-history":[{"count":0,"href":"https:\/\/migracao.redenoticia.com.br\/noticia\/wp-json\/wp\/v2\/posts\/138452\/revisions"}],"wp:featuredmedia":[{"embeddable":true,"href":"https:\/\/migracao.redenoticia.com.br\/noticia\/wp-json\/wp\/v2\/media\/132207"}],"wp:attachment":[{"href":"https:\/\/migracao.redenoticia.com.br\/noticia\/wp-json\/wp\/v2\/media?parent=138452"}],"wp:term":[{"taxonomy":"category","embeddable":true,"href":"https:\/\/migracao.redenoticia.com.br\/noticia\/wp-json\/wp\/v2\/categories?post=138452"},{"taxonomy":"post_tag","embeddable":true,"href":"https:\/\/migracao.redenoticia.com.br\/noticia\/wp-json\/wp\/v2\/tags?post=138452"}],"curies":[{"name":"wp","href":"https:\/\/api.w.org\/{rel}","templated":true}]}}