{"id":138580,"date":"2018-04-03T16:03:04","date_gmt":"2018-04-03T19:03:04","guid":{"rendered":"https:\/\/www.redenoticia.com.br\/noticia\/?p=138580"},"modified":"2018-04-03T16:08:17","modified_gmt":"2018-04-03T19:08:17","slug":"resumo-novela-chiquititas-04-04-cicero-almoca-no-orfanato-com-tati-e-vivi","status":"publish","type":"post","link":"https:\/\/migracao.redenoticia.com.br\/noticia\/2018\/resumo-novela-chiquititas-04-04-cicero-almoca-no-orfanato-com-tati-e-vivi\/138580","title":{"rendered":"Resumo novela \u201cChiquititas\u201d 04\/04: C\u00edcero almo\u00e7a no orfanato com Tati e Vivi"},"content":{"rendered":"<p><img loading=\"lazy\" decoding=\"async\" class=\"alignleft size-thumbnail wp-image-49690\" src=\"https:\/\/migracao.redenoticia.com.br\/noticia\/imagens\/chiquititas1-150x112.jpg\" alt=\"chiquititas\" width=\"150\" height=\"112\" \/><strong><em>Resumo novela \u201cChiquititas\u201d 04\/04<\/em><\/strong>: no cap\u00edtulo 407(*) da novela \u201cChiquititas\u201d, resumo de quarta-feira, 04 de abril, na escola, Duda e Pata conversam. Bel desculpa Samuca por ter usado o bon\u00e9 que tira a timidez no encontro. Tobias pede demiss\u00e3o para Maria Cec\u00edlia. Ela concorda. Ele fica surpreso, porque sua inten\u00e7\u00e3o n\u00e3o era sair do Caf\u00e9 Boutique e sim que ela fosse contra ao pedido de demiss\u00e3o. Arrasado, Tobias conta para Clarita e Beto. Eles aconselham Tobias, enquanto a Maria Cec\u00edlia n\u00e3o o perdoa, a procurar um novo emprego. Tobias diz que vai tentar retomar a carreira de ator, pois caf\u00e9 o lembra da Cec\u00edlia. Carol comenta com Chico sobre a decis\u00e3o de Mili e diz tamb\u00e9m que sentiu que tem algo incomodando a menina, mas ela n\u00e3o sabe o que. <\/p>\n<p>C\u00edcero vai almo\u00e7ar no Orfanato com Tati e Vivi. Carol pergunta para as meninas se foram elas que convenceram Mili a ficar no Orfanato. Cris diz que sim. Carol explica que elas n\u00e3o podem ter essa atitude ego\u00edsta e que essa mudan\u00e7a pode fazer bem a Mili, porque Gabriela ter\u00e1 todo tempo para cuidar dela. As meninas reconhecem que erraram com Mili. Carmen vai \u00e0 delegacia, fala que foi assaltada por um homem e d\u00e1 as caracter\u00edsticas f\u00edsicas de Miguel. Neco, disfar\u00e7ado, segue novamente Helena. Ele a v\u00ea entrando em casa e deduz que Lucia voltou. C\u00edcero chega ao Orfanato para o almo\u00e7o. <\/p>\n<p>Helena d\u00e1 sopa e os rem\u00e9dios para L\u00facia que est\u00e1 gripada. Neto observa tudo escondido. As crian\u00e7as conversam com C\u00edcero durante o almo\u00e7o. C\u00edcero convida todos para jantar no Samb\u00e3o. Neco entra no quarto de Lucia para visita-la. Vera, m\u00e3e de Clarita, visita \u00e0 filha no Caf\u00e9 Boutique. Diego liga para o pai, a pedido de Andreia, e o convida para jantar. As meninas conversam com Mili e falam que compreendem a op\u00e7\u00e3o dela de morar com a Gabi. Samuca e Rafa disputam a aten\u00e7\u00e3o de Bel e a convidam para o jantar. Francis pede dicas a Vera para comprar um anel de noivado para Clarita. Carol liga e convida Junior para ir ao jantar, ele explica que j\u00e1 marcou com Diego.<\/p>\n<p>(*) edi\u00e7\u00e3o do SBT, Novela \u201cChiquititas\u201d, sujeito a altera\u00e7\u00e3o de data e conte\u00fado.<\/p>\n<p>Chiquititas gira em torno do orfanato Raio de Luz, que carrega em sua hist\u00f3ria um grande segredo envolvendo a fam\u00edlia e o dono do orfanato, Dr. Jos\u00e9 Ricardo Almeida Campos. Em um per\u00edodo anterior \u00e0 novela, exatos treze anos, sua filha Gabriela se apaixonou e ficou gr\u00e1vida de Miguel, filho de Valentina, empregada da casa dos Almeida Campos. Pouco depois, Jos\u00e9 Ricardo sequestrou sua neta, pois, como um homem conservador, ele n\u00e3o aceitava a ideia de que sua filha se envolvesse com um empregado. Como sua neta, Milena, apelidada como Mili, precisava de um lugar para morar, ele comprou um casar\u00e3o e fundou um orfanato, o Raio de Luz. Mili cresceu l\u00e1 com outras garotas que chegaram posteriormente: Bia, Ana, as irm\u00e3s Tati e Vivi, e Cris. Ao decorrer dos anos, elas se tornam uma fam\u00edlia. Elas s\u00e3o supervisionadas por Ernestina, zeladora do orfanato, e Chico, o cozinheiro amado pelas internas. Sofia, ex-governanta da fam\u00edlia Almeida Campos, \u00e9 a diretora do lugar, at\u00e9 que Carmem, irm\u00e3 de Jos\u00e9 Ricardo, entre em seu lugar. Chegam ainda mais \u00f3rf\u00e3os: Pata, Mosca, Binho e Rafa, que viviam nas ruas antes de entrarem na institui\u00e7\u00e3o. Pata e Mili tornam-se amigas rapidamente, enquanto Mosca, Binho e Rafa s\u00e3o os primeiros garotos a entrar no abrigo. As crian\u00e7as sem-teto foram ajudadas por uma doce e bela garota que tocam e mudam a vida delas, assim como as das garotas \u00f3rf\u00e3s.<\/p>\n","protected":false},"excerpt":{"rendered":"<p>Resumo novela \u201cChiquititas\u201d 04\/04: no cap\u00edtulo 407(*) da novela \u201cChiquititas\u201d, resumo de quarta-feira, 04 de abril, na escola, Duda e Pata conversam. Bel desculpa Samuca por ter usado o bon\u00e9 que tira a timidez no encontro. Tobias pede demiss\u00e3o para Maria Cec\u00edlia. Ela concorda. Ele fica surpreso, porque sua inten\u00e7\u00e3o n\u00e3o era sair do Caf\u00e9 [&hellip;]<\/p>\n","protected":false},"author":4,"featured_media":49690,"comment_status":"open","ping_status":"closed","sticky":false,"template":"","format":"standard","meta":{"tdm_status":"","tdm_grid_status":"","footnotes":""},"categories":[409,379,372,343],"tags":[441],"class_list":{"0":"post-138580","1":"post","2":"type-post","3":"status-publish","4":"format-standard","5":"has-post-thumbnail","7":"category-chiquititas","8":"category-novelas","9":"category-sbt","10":"category-televisao","11":"tag-resumo-do-dia"},"_links":{"self":[{"href":"https:\/\/migracao.redenoticia.com.br\/noticia\/wp-json\/wp\/v2\/posts\/138580","targetHints":{"allow":["GET"]}}],"collection":[{"href":"https:\/\/migracao.redenoticia.com.br\/noticia\/wp-json\/wp\/v2\/posts"}],"about":[{"href":"https:\/\/migracao.redenoticia.com.br\/noticia\/wp-json\/wp\/v2\/types\/post"}],"author":[{"embeddable":true,"href":"https:\/\/migracao.redenoticia.com.br\/noticia\/wp-json\/wp\/v2\/users\/4"}],"replies":[{"embeddable":true,"href":"https:\/\/migracao.redenoticia.com.br\/noticia\/wp-json\/wp\/v2\/comments?post=138580"}],"version-history":[{"count":0,"href":"https:\/\/migracao.redenoticia.com.br\/noticia\/wp-json\/wp\/v2\/posts\/138580\/revisions"}],"wp:featuredmedia":[{"embeddable":true,"href":"https:\/\/migracao.redenoticia.com.br\/noticia\/wp-json\/wp\/v2\/media\/49690"}],"wp:attachment":[{"href":"https:\/\/migracao.redenoticia.com.br\/noticia\/wp-json\/wp\/v2\/media?parent=138580"}],"wp:term":[{"taxonomy":"category","embeddable":true,"href":"https:\/\/migracao.redenoticia.com.br\/noticia\/wp-json\/wp\/v2\/categories?post=138580"},{"taxonomy":"post_tag","embeddable":true,"href":"https:\/\/migracao.redenoticia.com.br\/noticia\/wp-json\/wp\/v2\/tags?post=138580"}],"curies":[{"name":"wp","href":"https:\/\/api.w.org\/{rel}","templated":true}]}}