{"id":1391,"date":"2009-05-08T15:03:51","date_gmt":"2009-05-08T19:03:51","guid":{"rendered":"http:\/\/www.redenoticia.com.br\/noticia\/?p=1391"},"modified":"2009-05-08T15:03:51","modified_gmt":"2009-05-08T19:03:51","slug":"vereador-nilton-cezar-elogia-fecomind","status":"publish","type":"post","link":"https:\/\/migracao.redenoticia.com.br\/noticia\/2009\/vereador-nilton-cezar-elogia-fecomind\/1391","title":{"rendered":"Vereador Nilton C\u00e9zar elogia FECOMIND"},"content":{"rendered":"<p style=\"text-align: justify;\">Foi aberta oficialmente na noite desta  quinta-feira (7) a 1\u00aa Feira do Com\u00e9rcio e da Ind\u00fastria de Ji-Paran\u00e1 (Fecomind),  onde cerca de 80 empresas est\u00e3o expondo seus produtos no Gin\u00e1sio de Esportes  Gerivaldo Jos\u00e9 de Souza (Gerivald\u00e3o). O evento \u00e9 promovido pela Associa\u00e7\u00e3o  Comercial e Industrial (Acijip) e conta com o apoio da Prefeitura.<\/p>\n<p style=\"text-align: justify;\">O vereador e presidente da C\u00e2mara Municipal,  Nilton C\u00e9zar (PSB), esteve na solenidade de abertura da Feira, e ressaltou o  valor que um acontecimento como este traz a comunidade jiparanaense. \u201cTodos n\u00f3s  devemos ficar contentes por sediar um evento de tamanha magnitude. Isso demora  que nossa cidade possui estrutura para atender eventos deste porte\u201d.<\/p>\n<p style=\"text-align: justify;\">\u201cAproveito para parabenizar a dire\u00e7\u00e3o da Acijip e  parceiros por montar uma mega estrutura, demonstrando as potencialidades locais  e\u00a0da regi\u00e3o, al\u00e9m da presen\u00e7a de autoridades pol\u00edticas\u201d, ressalta Nilton  C\u00e9zar.<\/p>\n<p style=\"text-align: justify;\">Fomentar o com\u00e9rcio de Rond\u00f4nia, esta \u00e9 a id\u00e9ia  da a\u00e7\u00e3o. Segundo o Presidente da Acijip, Marcito Pinto, \u00e9 um momento de  proporcionar uma liga\u00e7\u00e3o entre \u201cquem produz e comercializa com o consumidor  final\u201d, destaca.<\/p>\n<p style=\"text-align: justify;\">A solenidade contou com a visita dos senadores  Valdir Raupp e Expedito Jr., os deputados Jesualdo Pires e Euclides Maciel,\u00a0  prefeito do munic\u00edpio, Jos\u00e9 de Abreu Briano, diversos vereadores,  superintendente do Sebrae (Servi\u00e7o de Apoio \u00e0s Micro e Pequenas Empresas\u2013RO),  Pedro Teixeira, e o Governador do Estado, Ivo Cassol, que em sua fala argumentou  ser necess\u00e1rio deixar de dar cr\u00e9ditos \u00e0 crise. \u201cCom o objetivo de investir no  brilho de todos os empres\u00e1rios, essa feira ficar\u00e1 na hist\u00f3ria do munic\u00edpio de  Ji-Paran\u00e1. Fiz quest\u00e3o de vir aqui e ser o garoto propaganda das coisas boas do  nosso Estado\u201d, declarou.<\/p>\n<p style=\"text-align: justify;\">A 1\u00aa Fecomind torna-se uma vitrine para os  empres\u00e1rios da regi\u00e3o, pois al\u00e9m da variedade de produtos oferecidos eles podem  apenas demonstr\u00e1-los ou realizar a venda direta ao aos visitantes.<\/p>\n","protected":false},"excerpt":{"rendered":"<p>Foi aberta oficialmente na noite desta quinta-feira (7) a 1\u00aa Feira do Com\u00e9rcio e da Ind\u00fastria de Ji-Paran\u00e1 (Fecomind), onde cerca de 80 empresas est\u00e3o expondo seus produtos no Gin\u00e1sio de Esportes Gerivaldo Jos\u00e9 de Souza (Gerivald\u00e3o). O evento \u00e9 promovido pela Associa\u00e7\u00e3o Comercial e Industrial (Acijip) e conta com o apoio da Prefeitura. O [&hellip;]<\/p>\n","protected":false},"author":3,"featured_media":0,"comment_status":"open","ping_status":"open","sticky":false,"template":"","format":"standard","meta":{"tdm_status":"","tdm_grid_status":"","footnotes":""},"categories":[22],"tags":[],"class_list":{"0":"post-1391","1":"post","2":"type-post","3":"status-publish","4":"format-standard","6":"category-brasil"},"_links":{"self":[{"href":"https:\/\/migracao.redenoticia.com.br\/noticia\/wp-json\/wp\/v2\/posts\/1391","targetHints":{"allow":["GET"]}}],"collection":[{"href":"https:\/\/migracao.redenoticia.com.br\/noticia\/wp-json\/wp\/v2\/posts"}],"about":[{"href":"https:\/\/migracao.redenoticia.com.br\/noticia\/wp-json\/wp\/v2\/types\/post"}],"author":[{"embeddable":true,"href":"https:\/\/migracao.redenoticia.com.br\/noticia\/wp-json\/wp\/v2\/users\/3"}],"replies":[{"embeddable":true,"href":"https:\/\/migracao.redenoticia.com.br\/noticia\/wp-json\/wp\/v2\/comments?post=1391"}],"version-history":[{"count":0,"href":"https:\/\/migracao.redenoticia.com.br\/noticia\/wp-json\/wp\/v2\/posts\/1391\/revisions"}],"wp:attachment":[{"href":"https:\/\/migracao.redenoticia.com.br\/noticia\/wp-json\/wp\/v2\/media?parent=1391"}],"wp:term":[{"taxonomy":"category","embeddable":true,"href":"https:\/\/migracao.redenoticia.com.br\/noticia\/wp-json\/wp\/v2\/categories?post=1391"},{"taxonomy":"post_tag","embeddable":true,"href":"https:\/\/migracao.redenoticia.com.br\/noticia\/wp-json\/wp\/v2\/tags?post=1391"}],"curies":[{"name":"wp","href":"https:\/\/api.w.org\/{rel}","templated":true}]}}